{"id":19612,"date":"2026-04-27T18:21:23","date_gmt":"2026-04-27T16:21:23","guid":{"rendered":"https:\/\/olioleferre.com\/?p=19612"},"modified":"2026-04-27T18:21:23","modified_gmt":"2026-04-27T16:21:23","slug":"materico-storia-di-un-insolito-co-branding","status":"publish","type":"post","link":"https:\/\/olioleferre.com\/en\/materico-storia-di-un-insolito-co-branding\/","title":{"rendered":"MATERICO storia di un insolito co-branding"},"content":{"rendered":"<p><\/p>\n<h3>Le Ferre ha creato una collaborazione con una giovane azienda olearia pugliese. Non \u00e8 solo business ma \u00e8 valore, territorio e visione.<\/h3>\n<p>E&#8217; difficile cha aziende del medesimo comparto, provenienti dal medesimo territorio, orientate alla medesima vocazione condividano strategie e prodotti pur nella loro diversit\u00e0, consistenza o storicit\u00e0. Il comparto oleario non \u00e8 da meno.<\/p>\n<p>Eppure l&#8217;incontro tra le aziende olearie pugliesi LE FERRE e LAMACONTE ha creato una sinergia unica, basata sulla sintesi del<\/p>\n<p style=\"text-align: center\"><em>fare ciascuna un passo indietro, per farne rispettivamente due in avanti.<\/em><\/p>\n<p>Le Ferre e Lamaconte hanno dato vita al prodotto-progetto <strong>MATERICO<\/strong>: olio extravergine di oliva dal carattere intenso, sapori armoniosi e dai profumi freschi, in una bottiglia di ceramica interamente realizzata a mano al tornio e decorata, sempre manualmente, utilizzando le classiche geometrie della tradizione decorativa popolare, mediterranea.<\/p>\n<p>Colorata in sei diverse varianti, ciascuna \u00e8 in tre capacit\u00e0: 0,10L, 0,25L e 0,50L.<\/p>\n<p><img fetchpriority=\"high\" decoding=\"async\" class=\"size-full wp-image-19618 alignnone\" src=\"https:\/\/olioleferre.com\/wp-content\/uploads\/2026\/04\/colori-x-6.png\" alt=\"\" width=\"750\" height=\"227\" srcset=\"https:\/\/olioleferre.com\/wp-content\/uploads\/2026\/04\/colori-x-6.png 750w, https:\/\/olioleferre.com\/wp-content\/uploads\/2026\/04\/colori-x-6-300x91.png 300w\" sizes=\"(max-width: 750px) 100vw, 750px\" \/><\/p>\n<p>La bottiglia, gi\u00e0 proposta in commercio dalla Lamaconte e dal <strong>disegno registrato\u00a0<\/strong>\u00ae, per MATERICO rivede parzialmente le sue forme e si presenta in sei varianti: tre colorazioni pi\u00f9 classiche gi\u00e0 esistenti, a cui se ne aggiungono altre tre esclusive, <em>in tipico stile LE FERRE <\/em>dai\u00a0colori vivaci, brillanti, pronti ad integrarsi con le tendenze design dei prossimi anni.<\/p>\n<p><strong>MATERICO<\/strong> sar\u00e0 presentato e immesso sul mercato nazionale ed internazionale con i marchi congiunti Le Ferre-Lamaconte. Un&#8217;operazione di <strong>co-branding<\/strong> che mette insieme due diversi racconti della Puglia olearia.<\/p>\n<p><img decoding=\"async\" class=\"wp-image-18110 alignnone\" src=\"https:\/\/olioleferre.com\/wp-content\/uploads\/2025\/10\/Gambero-Pasha-2-1024x682.jpg\" alt=\"\" width=\"600\" height=\"400\" srcset=\"https:\/\/olioleferre.com\/wp-content\/uploads\/2025\/10\/Gambero-Pasha-2-1024x682.jpg 1024w, https:\/\/olioleferre.com\/wp-content\/uploads\/2025\/10\/Gambero-Pasha-2-300x200.jpg 300w, https:\/\/olioleferre.com\/wp-content\/uploads\/2025\/10\/Gambero-Pasha-2-768x512.jpg 768w, https:\/\/olioleferre.com\/wp-content\/uploads\/2025\/10\/Gambero-Pasha-2.jpg 1280w\" sizes=\"(max-width: 600px) 100vw, 600px\" \/><\/p>\n<p>Difatti<em>, <\/em>Le Ferre produce oli extravergine da diverse variet\u00e0 di olive, li commercializza in tutto il mondo e ha grande esperienza nel comparto ho.re.ca.<\/p>\n<p>Lamaconte, invece, ha fatto del retail e del wedding il suo core business, proponendo l&#8217;extravergine d&#8217;oliva non solo come condimento, ma anche come dono.<\/p>\n<p><img decoding=\"async\" class=\"wp-image-19620 alignnone\" src=\"https:\/\/olioleferre.com\/wp-content\/uploads\/2026\/04\/lamaconte.png\" alt=\"\" width=\"474\" height=\"400\" srcset=\"https:\/\/olioleferre.com\/wp-content\/uploads\/2026\/04\/lamaconte.png 622w, https:\/\/olioleferre.com\/wp-content\/uploads\/2026\/04\/lamaconte-300x253.png 300w\" sizes=\"(max-width: 474px) 100vw, 474px\" \/><\/p>\n<p>La prima \u00e8 a Castellaneta, cittadina a ridosso del Golfo di Taranto con un territorio ampio e prospero, delimitato da spiagge di sabbia dorata e paesaggi lussureggianti che portano alle vicine Bari e Matera (Basilicata).<br \/>\nLa seconda \u00e8 a Gravina in Puglia, cittadina che vive il suo ancestrale legame con i solchi scavati nella roccia da acque preziose, con il suo ponte acquedotto e gole naturali che sono storia, arte, bellezza.<\/p>\n<p>Le Ferre ha costruito la sua professionalit\u00e0 produttiva e commerciale sulla determinazione di portare la migliore qualit\u00e0 dell&#8217;extravergine d\u2018oliva nella quotidianit\u00e0 delle tavole e cucine di tutto il mondo.<br \/>\nLamaconte, invece, ha investito nell\u2019artigianato ceramico, ricercando forme per \u201cl&#8217;oro di Puglia\u201d capaci di renderlo protagonista dei momenti pi\u00f9 preziosi della vita.<\/p>\n<p><img loading=\"lazy\" decoding=\"async\" class=\"alignleft wp-image-19616\" src=\"https:\/\/olioleferre.com\/wp-content\/uploads\/2026\/04\/Foto-0065-200x300.jpg\" alt=\"\" width=\"167\" height=\"250\" srcset=\"https:\/\/olioleferre.com\/wp-content\/uploads\/2026\/04\/Foto-0065-200x300.jpg 200w, https:\/\/olioleferre.com\/wp-content\/uploads\/2026\/04\/Foto-0065-683x1024.jpg 683w, https:\/\/olioleferre.com\/wp-content\/uploads\/2026\/04\/Foto-0065-768x1152.jpg 768w, https:\/\/olioleferre.com\/wp-content\/uploads\/2026\/04\/Foto-0065-1024x1536.jpg 1024w, https:\/\/olioleferre.com\/wp-content\/uploads\/2026\/04\/Foto-0065-1365x2048.jpg 1365w, https:\/\/olioleferre.com\/wp-content\/uploads\/2026\/04\/Foto-0065-scaled.jpg 1707w\" sizes=\"(max-width: 167px) 100vw, 167px\" \/><\/p>\n<p>Due diverse espressioni di una terra che guarda lontano, si apre al mondo, dona il meglio di s\u00e9 e lo fa con coraggio, con una formula che cancella ogni forma di chiusura (o gelosia!) e che, anzi, si apre a un artigianato autentico e giovane, al tempo stesso.<\/p>\n<p>Ciascuna azienda porta in <b>MATERICO <\/b>il proprio <strong>back-ground<\/strong> professionale in comparti differenti, le proprie attitudini per <strong>servizi e processi<\/strong> estranei al lavoro dell&#8217;altra.<\/p>\n<p>Un progetto, quindi, che diventa sintesi perfetta di quella sana voglia di imprenditorialit\u00e0 che supera i propri steccati, semplifica e collabora per crea vicendevoli, nuove opportunit\u00e0.<\/p>\n<p>&nbsp;<\/p>\n<p>Da questa unione nasce \u201cMATERICO\u201d di Le Ferre e Lamaconte: olio extravergine d&#8217;oliva in bottiglia di ceramica che \u00e8 prodotto e visione.<\/p>\n<p><img loading=\"lazy\" decoding=\"async\" class=\"aligncenter wp-image-19617\" src=\"https:\/\/olioleferre.com\/wp-content\/uploads\/2026\/04\/Foto-0070-683x1024.jpg\" alt=\"\" width=\"333\" height=\"500\" srcset=\"https:\/\/olioleferre.com\/wp-content\/uploads\/2026\/04\/Foto-0070-683x1024.jpg 683w, https:\/\/olioleferre.com\/wp-content\/uploads\/2026\/04\/Foto-0070-200x300.jpg 200w, https:\/\/olioleferre.com\/wp-content\/uploads\/2026\/04\/Foto-0070-768x1152.jpg 768w, https:\/\/olioleferre.com\/wp-content\/uploads\/2026\/04\/Foto-0070-1024x1536.jpg 1024w, https:\/\/olioleferre.com\/wp-content\/uploads\/2026\/04\/Foto-0070-1365x2048.jpg 1365w, https:\/\/olioleferre.com\/wp-content\/uploads\/2026\/04\/Foto-0070-scaled.jpg 1707w\" sizes=\"(max-width: 333px) 100vw, 333px\" \/><\/p>\n<p>&nbsp;<\/p>\n<p>&nbsp;<\/p>","protected":false},"excerpt":{"rendered":"<p>Le Ferre ha creato una collaborazione con una giovane azienda olearia pugliese. Non \u00e8 solo business ma \u00e8 valore, territorio e visione. E&#8217; difficile cha aziende del medesimo comparto, provenienti dal medesimo territorio, orientate alla medesima vocazione condividano strategie e prodotti pur nella loro diversit\u00e0, consistenza o storicit\u00e0. Il comparto oleario non \u00e8 da meno. Eppure l&#8217;incontro tra le aziende olearie pugliesi LE FERRE e LAMACONTE ha creato una sinergia unica, basata sulla sintesi del fare ciascuna un passo indietro, per farne rispettivamente due in avanti. Le Ferre e Lamaconte hanno dato vita al prodotto-progetto MATERICO: olio extravergine di oliva dal carattere intenso, sapori armoniosi e dai profumi freschi, in una bottiglia di ceramica interamente realizzata a mano al tornio e decorata, sempre manualmente, utilizzando le classiche geometrie della tradizione decorativa popolare, mediterranea. Colorata in sei diverse varianti, ciascuna \u00e8 in tre capacit\u00e0: 0,10L, 0,25L e 0,50L. La bottiglia, gi\u00e0 proposta in commercio dalla Lamaconte e dal disegno registrato\u00a0\u00ae, per MATERICO rivede parzialmente le sue forme e si presenta in sei varianti: tre colorazioni pi\u00f9 classiche gi\u00e0 esistenti, a cui se ne aggiungono altre tre esclusive, in tipico stile LE FERRE dai\u00a0colori vivaci, brillanti, pronti ad integrarsi con le tendenze design dei prossimi anni. MATERICO sar\u00e0 presentato e immesso sul mercato nazionale ed internazionale con i marchi congiunti Le Ferre-Lamaconte. Un&#8217;operazione di co-branding che mette insieme due diversi racconti della Puglia olearia. Difatti, Le Ferre produce oli extravergine da diverse variet\u00e0 di olive, li commercializza in tutto il mondo e ha grande esperienza nel comparto ho.re.ca. Lamaconte, invece, ha fatto del retail e del wedding il suo core business, proponendo l&#8217;extravergine d&#8217;oliva non solo come condimento, ma anche come dono. La prima \u00e8 a Castellaneta, cittadina a ridosso del Golfo di Taranto con un territorio ampio e prospero, delimitato da spiagge di sabbia dorata e paesaggi lussureggianti che portano alle vicine Bari e Matera (Basilicata). La seconda \u00e8 a Gravina in Puglia, cittadina che vive il suo ancestrale legame con i solchi scavati nella roccia da acque preziose, con il suo ponte acquedotto e gole naturali che sono storia, arte, bellezza. Le Ferre ha costruito la sua professionalit\u00e0 produttiva e commerciale sulla determinazione di portare la migliore qualit\u00e0 dell&#8217;extravergine d\u2018oliva nella quotidianit\u00e0 delle tavole e cucine di tutto il mondo. Lamaconte, invece, ha investito nell\u2019artigianato ceramico, ricercando forme per \u201cl&#8217;oro di Puglia\u201d capaci di renderlo protagonista dei momenti pi\u00f9 preziosi della vita. Due diverse espressioni di una terra che guarda lontano, si apre al mondo, dona il meglio di s\u00e9 e lo fa con coraggio, con una formula che cancella ogni forma di chiusura (o gelosia!) e che, anzi, si apre a un artigianato autentico e giovane, al tempo stesso. Ciascuna azienda porta in MATERICO il proprio back-ground professionale in comparti differenti, le proprie attitudini per servizi e processi estranei al lavoro dell&#8217;altra. Un progetto, quindi, che diventa sintesi perfetta di quella sana voglia di imprenditorialit\u00e0 che supera i propri steccati, semplifica e collabora per crea vicendevoli, nuove opportunit\u00e0. &nbsp; Da questa unione nasce \u201cMATERICO\u201d di Le Ferre e Lamaconte: olio extravergine d&#8217;oliva in bottiglia di ceramica che \u00e8 prodotto e visione. &nbsp; &nbsp;<\/p>\n","protected":false},"author":7,"featured_media":19627,"comment_status":"open","ping_status":"open","sticky":false,"template":"","format":"standard","meta":{"footnotes":""},"categories":[4],"tags":[538,535,133,536,537,98,530,95,113,534,533,112,89,84,531,532],"class_list":["post-19612","post","type-post","status-publish","format-standard","has-post-thumbnail","hentry","category-news","tag-artigianato","tag-bottiglia","tag-castellaneta","tag-ceramica","tag-cobranding","tag-design","tag-disegno","tag-extravirginoliveoil","tag-londra","tag-materia","tag-materico","tag-milano","tag-olioextraverginedioliva","tag-puglia","tag-registrato","tag-trademark"],"yoast_head":"<!-- This site is optimized with the Yoast SEO plugin v27.0 - https:\/\/yoast.com\/product\/yoast-seo-wordpress\/ -->\n<title>MATERICO storia di un insolito co-branding - Olio Le Ferre<\/title>\n<meta name=\"robots\" content=\"index, follow, max-snippet:-1, max-image-preview:large, max-video-preview:-1\" \/>\n<link rel=\"canonical\" href=\"https:\/\/olioleferre.com\/en\/materico-storia-di-un-insolito-co-branding\/\" \/>\n<meta property=\"og:locale\" content=\"en_US\" \/>\n<meta property=\"og:type\" content=\"article\" \/>\n<meta property=\"og:title\" content=\"MATERICO storia di un insolito co-branding - Olio Le Ferre\" \/>\n<meta property=\"og:description\" content=\"Le Ferre ha creato una collaborazione con una giovane azienda olearia pugliese. Non \u00e8 solo business ma \u00e8 valore, territorio e visione. E&#8217; difficile cha aziende del medesimo comparto, provenienti dal medesimo territorio, orientate alla medesima vocazione condividano strategie e prodotti pur nella loro diversit\u00e0, consistenza o storicit\u00e0. Il comparto oleario non \u00e8 da meno. Eppure l&#8217;incontro tra le aziende olearie pugliesi LE FERRE e LAMACONTE ha creato una sinergia unica, basata sulla sintesi del fare ciascuna un passo indietro, per farne rispettivamente due in avanti. Le Ferre e Lamaconte hanno dato vita al prodotto-progetto MATERICO: olio extravergine di oliva dal carattere intenso, sapori armoniosi e dai profumi freschi, in una bottiglia di ceramica interamente realizzata a mano al tornio e decorata, sempre manualmente, utilizzando le classiche geometrie della tradizione decorativa popolare, mediterranea. Colorata in sei diverse varianti, ciascuna \u00e8 in tre capacit\u00e0: 0,10L, 0,25L e 0,50L. La bottiglia, gi\u00e0 proposta in commercio dalla Lamaconte e dal disegno registrato\u00a0\u00ae, per MATERICO rivede parzialmente le sue forme e si presenta in sei varianti: tre colorazioni pi\u00f9 classiche gi\u00e0 esistenti, a cui se ne aggiungono altre tre esclusive, in tipico stile LE FERRE dai\u00a0colori vivaci, brillanti, pronti ad integrarsi con le tendenze design dei prossimi anni. MATERICO sar\u00e0 presentato e immesso sul mercato nazionale ed internazionale con i marchi congiunti Le Ferre-Lamaconte. Un&#8217;operazione di co-branding che mette insieme due diversi racconti della Puglia olearia. Difatti, Le Ferre produce oli extravergine da diverse variet\u00e0 di olive, li commercializza in tutto il mondo e ha grande esperienza nel comparto ho.re.ca. Lamaconte, invece, ha fatto del retail e del wedding il suo core business, proponendo l&#8217;extravergine d&#8217;oliva non solo come condimento, ma anche come dono. La prima \u00e8 a Castellaneta, cittadina a ridosso del Golfo di Taranto con un territorio ampio e prospero, delimitato da spiagge di sabbia dorata e paesaggi lussureggianti che portano alle vicine Bari e Matera (Basilicata). La seconda \u00e8 a Gravina in Puglia, cittadina che vive il suo ancestrale legame con i solchi scavati nella roccia da acque preziose, con il suo ponte acquedotto e gole naturali che sono storia, arte, bellezza. Le Ferre ha costruito la sua professionalit\u00e0 produttiva e commerciale sulla determinazione di portare la migliore qualit\u00e0 dell&#8217;extravergine d\u2018oliva nella quotidianit\u00e0 delle tavole e cucine di tutto il mondo. Lamaconte, invece, ha investito nell\u2019artigianato ceramico, ricercando forme per \u201cl&#8217;oro di Puglia\u201d capaci di renderlo protagonista dei momenti pi\u00f9 preziosi della vita. Due diverse espressioni di una terra che guarda lontano, si apre al mondo, dona il meglio di s\u00e9 e lo fa con coraggio, con una formula che cancella ogni forma di chiusura (o gelosia!) e che, anzi, si apre a un artigianato autentico e giovane, al tempo stesso. Ciascuna azienda porta in MATERICO il proprio back-ground professionale in comparti differenti, le proprie attitudini per servizi e processi estranei al lavoro dell&#8217;altra. Un progetto, quindi, che diventa sintesi perfetta di quella sana voglia di imprenditorialit\u00e0 che supera i propri steccati, semplifica e collabora per crea vicendevoli, nuove opportunit\u00e0. &nbsp; Da questa unione nasce \u201cMATERICO\u201d di Le Ferre e Lamaconte: olio extravergine d&#8217;oliva in bottiglia di ceramica che \u00e8 prodotto e visione. &nbsp; &nbsp;\" \/>\n<meta property=\"og:url\" content=\"https:\/\/olioleferre.com\/en\/materico-storia-di-un-insolito-co-branding\/\" \/>\n<meta property=\"og:site_name\" content=\"Olio Le Ferre\" \/>\n<meta property=\"article:published_time\" content=\"2026-04-27T16:21:23+00:00\" \/>\n<meta property=\"og:image\" content=\"https:\/\/olioleferre.com\/wp-content\/uploads\/2026\/04\/materico.png\" \/>\n\t<meta property=\"og:image:width\" content=\"493\" \/>\n\t<meta property=\"og:image:height\" content=\"410\" \/>\n\t<meta property=\"og:image:type\" content=\"image\/png\" \/>\n<meta name=\"author\" content=\"leferre\" \/>\n<meta name=\"twitter:card\" content=\"summary_large_image\" \/>\n<meta name=\"twitter:label1\" content=\"Written by\" \/>\n\t<meta name=\"twitter:data1\" content=\"leferre\" \/>\n\t<meta name=\"twitter:label2\" content=\"Est. reading time\" \/>\n\t<meta name=\"twitter:data2\" content=\"4 minutes\" \/>\n<script type=\"application\/ld+json\" class=\"yoast-schema-graph\">{\"@context\":\"https:\/\/schema.org\",\"@graph\":[{\"@type\":\"Article\",\"@id\":\"https:\/\/olioleferre.com\/materico-storia-di-un-insolito-co-branding\/#article\",\"isPartOf\":{\"@id\":\"https:\/\/olioleferre.com\/materico-storia-di-un-insolito-co-branding\/\"},\"author\":{\"name\":\"leferre\",\"@id\":\"https:\/\/olioleferre.com\/#\/schema\/person\/c05490b94455675ed7667a74e5c509e3\"},\"headline\":\"MATERICO storia di un insolito co-branding\",\"datePublished\":\"2026-04-27T16:21:23+00:00\",\"mainEntityOfPage\":{\"@id\":\"https:\/\/olioleferre.com\/materico-storia-di-un-insolito-co-branding\/\"},\"wordCount\":1068,\"commentCount\":0,\"image\":{\"@id\":\"https:\/\/olioleferre.com\/materico-storia-di-un-insolito-co-branding\/#primaryimage\"},\"thumbnailUrl\":\"https:\/\/olioleferre.com\/wp-content\/uploads\/2026\/04\/materico.png\",\"keywords\":[\"artigianato\",\"bottiglia\",\"castellaneta\",\"ceramica\",\"cobranding\",\"design\",\"disegno\",\"extravirginoliveoil\",\"londra\",\"materia\",\"materico\",\"milano\",\"olioextraverginedioliva\",\"puglia\",\"registrato\",\"trademark\"],\"articleSection\":[\"News\"],\"inLanguage\":\"en-US\",\"potentialAction\":[{\"@type\":\"CommentAction\",\"name\":\"Comment\",\"target\":[\"https:\/\/olioleferre.com\/materico-storia-di-un-insolito-co-branding\/#respond\"]}]},{\"@type\":\"WebPage\",\"@id\":\"https:\/\/olioleferre.com\/en\/materico-storia-di-un-insolito-co-branding\/\",\"url\":\"https:\/\/olioleferre.com\/en\/materico-storia-di-un-insolito-co-branding\/\",\"name\":\"MATERICO storia di un insolito co-branding - Olio Le Ferre\",\"isPartOf\":{\"@id\":\"https:\/\/olioleferre.com\/en\/#website\"},\"primaryImageOfPage\":{\"@id\":\"https:\/\/olioleferre.com\/en\/materico-storia-di-un-insolito-co-branding\/#primaryimage\"},\"image\":{\"@id\":\"https:\/\/olioleferre.com\/materico-storia-di-un-insolito-co-branding\/#primaryimage\"},\"thumbnailUrl\":\"https:\/\/olioleferre.com\/wp-content\/uploads\/2026\/04\/materico.png\",\"datePublished\":\"2026-04-27T16:21:23+00:00\",\"author\":{\"@id\":\"https:\/\/olioleferre.com\/#\/schema\/person\/c05490b94455675ed7667a74e5c509e3\"},\"breadcrumb\":{\"@id\":\"https:\/\/olioleferre.com\/en\/materico-storia-di-un-insolito-co-branding\/#breadcrumb\"},\"inLanguage\":\"en-US\",\"potentialAction\":[{\"@type\":\"ReadAction\",\"target\":[[\"https:\/\/olioleferre.com\/en\/materico-storia-di-un-insolito-co-branding\/\"]]}]},{\"@type\":\"ImageObject\",\"inLanguage\":\"en-US\",\"@id\":\"https:\/\/olioleferre.com\/en\/materico-storia-di-un-insolito-co-branding\/#primaryimage\",\"url\":\"https:\/\/olioleferre.com\/wp-content\/uploads\/2026\/04\/materico.png\",\"contentUrl\":\"https:\/\/olioleferre.com\/wp-content\/uploads\/2026\/04\/materico.png\",\"width\":493,\"height\":410},{\"@type\":\"BreadcrumbList\",\"@id\":\"https:\/\/olioleferre.com\/en\/materico-storia-di-un-insolito-co-branding\/#breadcrumb\",\"itemListElement\":[{\"@type\":\"ListItem\",\"position\":1,\"name\":\"Home\",\"item\":\"https:\/\/olioleferre.com\/en\/\"},{\"@type\":\"ListItem\",\"position\":2,\"name\":\"MATERICO storia di un insolito co-branding\"}]},{\"@type\":\"WebSite\",\"@id\":\"https:\/\/olioleferre.com\/en\/#website\",\"url\":\"https:\/\/olioleferre.com\/en\/\",\"name\":\"Olio Le Ferre\",\"description\":\"\",\"potentialAction\":[{\"@type\":\"SearchAction\",\"target\":{\"@type\":\"EntryPoint\",\"urlTemplate\":\"https:\/\/olioleferre.com\/en\/?s={search_term_string}\"},\"query-input\":{\"@type\":\"PropertyValueSpecification\",\"valueRequired\":true,\"valueName\":\"search_term_string\"}}],\"inLanguage\":\"en-US\"},{\"@type\":\"Person\",\"@id\":\"https:\/\/olioleferre.com\/#\/schema\/person\/c05490b94455675ed7667a74e5c509e3\",\"name\":\"leferre\",\"image\":{\"@type\":\"ImageObject\",\"inLanguage\":\"en-US\",\"@id\":\"https:\/\/olioleferre.com\/en\/#\/schema\/person\/image\/\",\"url\":\"https:\/\/secure.gravatar.com\/avatar\/18dcb54758c862ae4a6f39d54f6832d1a724c6844aaf27f8b963c899e3f82910?s=96&d=mm&r=g\",\"contentUrl\":\"https:\/\/secure.gravatar.com\/avatar\/18dcb54758c862ae4a6f39d54f6832d1a724c6844aaf27f8b963c899e3f82910?s=96&d=mm&r=g\",\"caption\":\"leferre\"},\"url\":\"https:\/\/olioleferre.com\/en\/author\/leferre\/\"}]}<\/script>\n<!-- \/ Yoast SEO plugin. -->","yoast_head_json":{"title":"MATERICO storia di un insolito co-branding - Olio Le Ferre","robots":{"index":"index","follow":"follow","max-snippet":"max-snippet:-1","max-image-preview":"max-image-preview:large","max-video-preview":"max-video-preview:-1"},"canonical":"https:\/\/olioleferre.com\/en\/materico-storia-di-un-insolito-co-branding\/","og_locale":"en_US","og_type":"article","og_title":"MATERICO storia di un insolito co-branding - Olio Le Ferre","og_description":"Le Ferre ha creato una collaborazione con una giovane azienda olearia pugliese. Non \u00e8 solo business ma \u00e8 valore, territorio e visione. E&#8217; difficile cha aziende del medesimo comparto, provenienti dal medesimo territorio, orientate alla medesima vocazione condividano strategie e prodotti pur nella loro diversit\u00e0, consistenza o storicit\u00e0. Il comparto oleario non \u00e8 da meno. Eppure l&#8217;incontro tra le aziende olearie pugliesi LE FERRE e LAMACONTE ha creato una sinergia unica, basata sulla sintesi del fare ciascuna un passo indietro, per farne rispettivamente due in avanti. Le Ferre e Lamaconte hanno dato vita al prodotto-progetto MATERICO: olio extravergine di oliva dal carattere intenso, sapori armoniosi e dai profumi freschi, in una bottiglia di ceramica interamente realizzata a mano al tornio e decorata, sempre manualmente, utilizzando le classiche geometrie della tradizione decorativa popolare, mediterranea. Colorata in sei diverse varianti, ciascuna \u00e8 in tre capacit\u00e0: 0,10L, 0,25L e 0,50L. La bottiglia, gi\u00e0 proposta in commercio dalla Lamaconte e dal disegno registrato\u00a0\u00ae, per MATERICO rivede parzialmente le sue forme e si presenta in sei varianti: tre colorazioni pi\u00f9 classiche gi\u00e0 esistenti, a cui se ne aggiungono altre tre esclusive, in tipico stile LE FERRE dai\u00a0colori vivaci, brillanti, pronti ad integrarsi con le tendenze design dei prossimi anni. MATERICO sar\u00e0 presentato e immesso sul mercato nazionale ed internazionale con i marchi congiunti Le Ferre-Lamaconte. Un&#8217;operazione di co-branding che mette insieme due diversi racconti della Puglia olearia. Difatti, Le Ferre produce oli extravergine da diverse variet\u00e0 di olive, li commercializza in tutto il mondo e ha grande esperienza nel comparto ho.re.ca. Lamaconte, invece, ha fatto del retail e del wedding il suo core business, proponendo l&#8217;extravergine d&#8217;oliva non solo come condimento, ma anche come dono. La prima \u00e8 a Castellaneta, cittadina a ridosso del Golfo di Taranto con un territorio ampio e prospero, delimitato da spiagge di sabbia dorata e paesaggi lussureggianti che portano alle vicine Bari e Matera (Basilicata). La seconda \u00e8 a Gravina in Puglia, cittadina che vive il suo ancestrale legame con i solchi scavati nella roccia da acque preziose, con il suo ponte acquedotto e gole naturali che sono storia, arte, bellezza. Le Ferre ha costruito la sua professionalit\u00e0 produttiva e commerciale sulla determinazione di portare la migliore qualit\u00e0 dell&#8217;extravergine d\u2018oliva nella quotidianit\u00e0 delle tavole e cucine di tutto il mondo. Lamaconte, invece, ha investito nell\u2019artigianato ceramico, ricercando forme per \u201cl&#8217;oro di Puglia\u201d capaci di renderlo protagonista dei momenti pi\u00f9 preziosi della vita. Due diverse espressioni di una terra che guarda lontano, si apre al mondo, dona il meglio di s\u00e9 e lo fa con coraggio, con una formula che cancella ogni forma di chiusura (o gelosia!) e che, anzi, si apre a un artigianato autentico e giovane, al tempo stesso. Ciascuna azienda porta in MATERICO il proprio back-ground professionale in comparti differenti, le proprie attitudini per servizi e processi estranei al lavoro dell&#8217;altra. Un progetto, quindi, che diventa sintesi perfetta di quella sana voglia di imprenditorialit\u00e0 che supera i propri steccati, semplifica e collabora per crea vicendevoli, nuove opportunit\u00e0. &nbsp; Da questa unione nasce \u201cMATERICO\u201d di Le Ferre e Lamaconte: olio extravergine d&#8217;oliva in bottiglia di ceramica che \u00e8 prodotto e visione. &nbsp; &nbsp;","og_url":"https:\/\/olioleferre.com\/en\/materico-storia-di-un-insolito-co-branding\/","og_site_name":"Olio Le Ferre","article_published_time":"2026-04-27T16:21:23+00:00","og_image":[{"width":493,"height":410,"url":"https:\/\/olioleferre.com\/wp-content\/uploads\/2026\/04\/materico.png","type":"image\/png"}],"author":"leferre","twitter_card":"summary_large_image","twitter_misc":{"Written by":"leferre","Est. reading time":"4 minutes"},"schema":{"@context":"https:\/\/schema.org","@graph":[{"@type":"Article","@id":"https:\/\/olioleferre.com\/materico-storia-di-un-insolito-co-branding\/#article","isPartOf":{"@id":"https:\/\/olioleferre.com\/materico-storia-di-un-insolito-co-branding\/"},"author":{"name":"leferre","@id":"https:\/\/olioleferre.com\/#\/schema\/person\/c05490b94455675ed7667a74e5c509e3"},"headline":"MATERICO storia di un insolito co-branding","datePublished":"2026-04-27T16:21:23+00:00","mainEntityOfPage":{"@id":"https:\/\/olioleferre.com\/materico-storia-di-un-insolito-co-branding\/"},"wordCount":1068,"commentCount":0,"image":{"@id":"https:\/\/olioleferre.com\/materico-storia-di-un-insolito-co-branding\/#primaryimage"},"thumbnailUrl":"https:\/\/olioleferre.com\/wp-content\/uploads\/2026\/04\/materico.png","keywords":["artigianato","bottiglia","castellaneta","ceramica","cobranding","design","disegno","extravirginoliveoil","londra","materia","materico","milano","olioextraverginedioliva","puglia","registrato","trademark"],"articleSection":["News"],"inLanguage":"en-US","potentialAction":[{"@type":"CommentAction","name":"Comment","target":["https:\/\/olioleferre.com\/materico-storia-di-un-insolito-co-branding\/#respond"]}]},{"@type":"WebPage","@id":"https:\/\/olioleferre.com\/en\/materico-storia-di-un-insolito-co-branding\/","url":"https:\/\/olioleferre.com\/en\/materico-storia-di-un-insolito-co-branding\/","name":"MATERICO storia di un insolito co-branding - Olio Le Ferre","isPartOf":{"@id":"https:\/\/olioleferre.com\/en\/#website"},"primaryImageOfPage":{"@id":"https:\/\/olioleferre.com\/en\/materico-storia-di-un-insolito-co-branding\/#primaryimage"},"image":{"@id":"https:\/\/olioleferre.com\/materico-storia-di-un-insolito-co-branding\/#primaryimage"},"thumbnailUrl":"https:\/\/olioleferre.com\/wp-content\/uploads\/2026\/04\/materico.png","datePublished":"2026-04-27T16:21:23+00:00","author":{"@id":"https:\/\/olioleferre.com\/#\/schema\/person\/c05490b94455675ed7667a74e5c509e3"},"breadcrumb":{"@id":"https:\/\/olioleferre.com\/en\/materico-storia-di-un-insolito-co-branding\/#breadcrumb"},"inLanguage":"en-US","potentialAction":[{"@type":"ReadAction","target":[["https:\/\/olioleferre.com\/en\/materico-storia-di-un-insolito-co-branding\/"]]}]},{"@type":"ImageObject","inLanguage":"en-US","@id":"https:\/\/olioleferre.com\/en\/materico-storia-di-un-insolito-co-branding\/#primaryimage","url":"https:\/\/olioleferre.com\/wp-content\/uploads\/2026\/04\/materico.png","contentUrl":"https:\/\/olioleferre.com\/wp-content\/uploads\/2026\/04\/materico.png","width":493,"height":410},{"@type":"BreadcrumbList","@id":"https:\/\/olioleferre.com\/en\/materico-storia-di-un-insolito-co-branding\/#breadcrumb","itemListElement":[{"@type":"ListItem","position":1,"name":"Home","item":"https:\/\/olioleferre.com\/en\/"},{"@type":"ListItem","position":2,"name":"MATERICO storia di un insolito co-branding"}]},{"@type":"WebSite","@id":"https:\/\/olioleferre.com\/en\/#website","url":"https:\/\/olioleferre.com\/en\/","name":"Olio Le Ferre","description":"","potentialAction":[{"@type":"SearchAction","target":{"@type":"EntryPoint","urlTemplate":"https:\/\/olioleferre.com\/en\/?s={search_term_string}"},"query-input":{"@type":"PropertyValueSpecification","valueRequired":true,"valueName":"search_term_string"}}],"inLanguage":"en-US"},{"@type":"Person","@id":"https:\/\/olioleferre.com\/#\/schema\/person\/c05490b94455675ed7667a74e5c509e3","name":"leferre","image":{"@type":"ImageObject","inLanguage":"en-US","@id":"https:\/\/olioleferre.com\/en\/#\/schema\/person\/image\/","url":"https:\/\/secure.gravatar.com\/avatar\/18dcb54758c862ae4a6f39d54f6832d1a724c6844aaf27f8b963c899e3f82910?s=96&d=mm&r=g","contentUrl":"https:\/\/secure.gravatar.com\/avatar\/18dcb54758c862ae4a6f39d54f6832d1a724c6844aaf27f8b963c899e3f82910?s=96&d=mm&r=g","caption":"leferre"},"url":"https:\/\/olioleferre.com\/en\/author\/leferre\/"}]}},"_links":{"self":[{"href":"https:\/\/olioleferre.com\/en\/wp-json\/wp\/v2\/posts\/19612","targetHints":{"allow":["GET"]}}],"collection":[{"href":"https:\/\/olioleferre.com\/en\/wp-json\/wp\/v2\/posts"}],"about":[{"href":"https:\/\/olioleferre.com\/en\/wp-json\/wp\/v2\/types\/post"}],"author":[{"embeddable":true,"href":"https:\/\/olioleferre.com\/en\/wp-json\/wp\/v2\/users\/7"}],"replies":[{"embeddable":true,"href":"https:\/\/olioleferre.com\/en\/wp-json\/wp\/v2\/comments?post=19612"}],"version-history":[{"count":8,"href":"https:\/\/olioleferre.com\/en\/wp-json\/wp\/v2\/posts\/19612\/revisions"}],"predecessor-version":[{"id":19628,"href":"https:\/\/olioleferre.com\/en\/wp-json\/wp\/v2\/posts\/19612\/revisions\/19628"}],"wp:featuredmedia":[{"embeddable":true,"href":"https:\/\/olioleferre.com\/en\/wp-json\/wp\/v2\/media\/19627"}],"wp:attachment":[{"href":"https:\/\/olioleferre.com\/en\/wp-json\/wp\/v2\/media?parent=19612"}],"wp:term":[{"taxonomy":"category","embeddable":true,"href":"https:\/\/olioleferre.com\/en\/wp-json\/wp\/v2\/categories?post=19612"},{"taxonomy":"post_tag","embeddable":true,"href":"https:\/\/olioleferre.com\/en\/wp-json\/wp\/v2\/tags?post=19612"}],"curies":[{"name":"wp","href":"https:\/\/api.w.org\/{rel}","templated":true}]}}