{"id":16424,"date":"2024-10-07T10:12:34","date_gmt":"2024-10-07T08:12:34","guid":{"rendered":"https:\/\/olioleferre.com\/?p=16424"},"modified":"2024-10-07T10:17:30","modified_gmt":"2024-10-07T08:17:30","slug":"le-ferre-a-parigi-porta-oli-e-sorrisi","status":"publish","type":"post","link":"https:\/\/olioleferre.com\/en\/le-ferre-a-parigi-porta-oli-e-sorrisi\/","title":{"rendered":"LE FERRE a Parigi porta oli e sorrisi"},"content":{"rendered":"<h6><em>Sara e Federica di Le Ferre tornano a Parigi!<\/em><\/h6>\n<p>La capitale francese dal 19 al 23 Ottobre 2024 \u00e8 pronta ad ospitare &#8230;. Sara e Federica di Olio LE FERRE in occasione della 60\u00b0 edizione del SIAL.<\/p>\n<p>Una combinata esplosiva, espressione di tutto il brio aziendale.<\/p>\n<div id=\"attachment_16408\" style=\"width: 210px\" class=\"wp-caption alignleft\"><img fetchpriority=\"high\" decoding=\"async\" aria-describedby=\"caption-attachment-16408\" class=\"wp-image-16408 size-medium\" src=\"https:\/\/olioleferre.com\/wp-content\/uploads\/2024\/10\/MG_7294-200x300.jpg\" alt=\"Sara Tanzarella negli uffici Le Ferre\" width=\"200\" height=\"300\" srcset=\"https:\/\/olioleferre.com\/wp-content\/uploads\/2024\/10\/MG_7294-200x300.jpg 200w, https:\/\/olioleferre.com\/wp-content\/uploads\/2024\/10\/MG_7294-683x1024.jpg 683w, https:\/\/olioleferre.com\/wp-content\/uploads\/2024\/10\/MG_7294-768x1152.jpg 768w, https:\/\/olioleferre.com\/wp-content\/uploads\/2024\/10\/MG_7294-1024x1536.jpg 1024w, https:\/\/olioleferre.com\/wp-content\/uploads\/2024\/10\/MG_7294-1365x2048.jpg 1365w, https:\/\/olioleferre.com\/wp-content\/uploads\/2024\/10\/MG_7294-scaled.jpg 1707w\" sizes=\"(max-width: 200px) 100vw, 200px\" \/><p id=\"caption-attachment-16408\" class=\"wp-caption-text\">Sara Tanzarella negli uffici Le Ferre<\/p><\/div>\n<p>&nbsp;<\/p>\n<p>Sara, anima della comunicazione di Le Ferre da sempre, rappresenta il rigore istituzionale: dall&#8217;allestimento, all&#8217;ordine nello stand nulla \u00e8 lasciato al caso.<\/p>\n<p>&nbsp;<\/p>\n<div id=\"attachment_16407\" style=\"width: 210px\" class=\"wp-caption alignright\"><img decoding=\"async\" aria-describedby=\"caption-attachment-16407\" class=\"wp-image-16407 size-medium\" src=\"https:\/\/olioleferre.com\/wp-content\/uploads\/2024\/10\/MG_7241-200x300.jpg\" alt=\"\" width=\"200\" height=\"300\" srcset=\"https:\/\/olioleferre.com\/wp-content\/uploads\/2024\/10\/MG_7241-200x300.jpg 200w, https:\/\/olioleferre.com\/wp-content\/uploads\/2024\/10\/MG_7241-683x1024.jpg 683w, https:\/\/olioleferre.com\/wp-content\/uploads\/2024\/10\/MG_7241-768x1152.jpg 768w, https:\/\/olioleferre.com\/wp-content\/uploads\/2024\/10\/MG_7241-1024x1536.jpg 1024w, https:\/\/olioleferre.com\/wp-content\/uploads\/2024\/10\/MG_7241-1365x2048.jpg 1365w, https:\/\/olioleferre.com\/wp-content\/uploads\/2024\/10\/MG_7241-scaled.jpg 1707w\" sizes=\"(max-width: 200px) 100vw, 200px\" \/><p id=\"caption-attachment-16407\" class=\"wp-caption-text\">Federica Colangelo negli uffici Le Ferre<\/p><\/div>\n<p>Federica, dal sorprendete animo commerciale, \u00e8 catalizzatrice di business matching. Dall&#8217;Asia, alle Americhe nessuno le sfugge.<\/p>\n<p>&nbsp;<\/p>\n<p>&nbsp;<\/p>\n<p>&nbsp;<\/p>\n<p>&nbsp;<\/p>\n<p>Insieme, le lunghe giornate di fiera passano velocemente tra lavoro e divertimento.<br \/>\nCos\u00ec, mentre Sara \u00e8 alla continua ricerca di fiori e prodotti gluten-free per l&#8217;amica, Federica fotografa qualsiasi cosa per reportage da National Geographic.<\/p>\n<p>&nbsp;<\/p>\n<p>&nbsp;<\/p>\n<p><img decoding=\"async\" class=\"aligncenter wp-image-16426 size-full\" src=\"https:\/\/olioleferre.com\/wp-content\/uploads\/2024\/10\/Parigi-2022.jpg\" alt=\"\" width=\"960\" height=\"1280\" srcset=\"https:\/\/olioleferre.com\/wp-content\/uploads\/2024\/10\/Parigi-2022.jpg 960w, https:\/\/olioleferre.com\/wp-content\/uploads\/2024\/10\/Parigi-2022-225x300.jpg 225w, https:\/\/olioleferre.com\/wp-content\/uploads\/2024\/10\/Parigi-2022-768x1024.jpg 768w\" sizes=\"(max-width: 960px) 100vw, 960px\" \/><\/p>\n<p>&nbsp;<\/p>\n<p>Parigi le ha gi\u00e0 viste insieme all&#8217;opera, pronte a portare LE FERRE dalla bella Francia, nel mondo.<\/p>\n<div id=\"attachment_16428\" style=\"width: 310px\" class=\"wp-caption alignleft\"><img loading=\"lazy\" decoding=\"async\" aria-describedby=\"caption-attachment-16428\" class=\"wp-image-16428 size-medium\" src=\"https:\/\/olioleferre.com\/wp-content\/uploads\/2024\/10\/Parigi-2021-2-300x225.jpg\" alt=\"\" width=\"300\" height=\"225\" srcset=\"https:\/\/olioleferre.com\/wp-content\/uploads\/2024\/10\/Parigi-2021-2-300x225.jpg 300w, https:\/\/olioleferre.com\/wp-content\/uploads\/2024\/10\/Parigi-2021-2-1024x768.jpg 1024w, https:\/\/olioleferre.com\/wp-content\/uploads\/2024\/10\/Parigi-2021-2-768x576.jpg 768w, https:\/\/olioleferre.com\/wp-content\/uploads\/2024\/10\/Parigi-2021-2.jpg 1280w\" sizes=\"(max-width: 300px) 100vw, 300px\" \/><p id=\"caption-attachment-16428\" class=\"wp-caption-text\">Gourmet Selection 2021<\/p><\/div>\n<p>Il 2021 fu l&#8217;anno del <strong>Gourmet Selection<\/strong>.<br \/>\nUn inizio tribolato per loro: Parigi era gi\u00e0 un cantiere aperto in vista delle Olimpiadi che si sarebbero tenute tre anni dopo.<br \/>\nSi aggiunse uno sciopero dei servizi di trasporto e un furto in metropolitana a rendere l&#8217;arrivo a Parigi un autentico disastro!<\/p>\n<p>&nbsp;<\/p>\n<p>Ma eccole qui, il primo giorno di fiera pronte e sorridenti.<br \/>\nPerch\u00e8 il sorriso, a dirla tutta, \u00e8 il loro vero <strong>superpotere<\/strong>!<\/p>\n<p>&nbsp;<\/p>\n<p>&nbsp;<\/p>\n<p>&nbsp;<\/p>\n<div id=\"attachment_16429\" style=\"width: 310px\" class=\"wp-caption alignleft\"><img loading=\"lazy\" decoding=\"async\" aria-describedby=\"caption-attachment-16429\" class=\"wp-image-16429 size-medium\" src=\"https:\/\/olioleferre.com\/wp-content\/uploads\/2024\/10\/Parigi-2022-_-300x300.jpg\" alt=\"\" width=\"300\" height=\"300\" \/><p id=\"caption-attachment-16429\" class=\"wp-caption-text\">Sial 2022<\/p><\/div>\n<p>&nbsp;<\/p>\n<p>&nbsp;<\/p>\n<p>Nel 2022 ci fu il primo Sial di Federica, ancora inebriata dall&#8217;esperienza tedesca di <strong>Anuga<\/strong>, dove fu nutrita e coccolata da tutti con stinco, patate e partite di calcio (d&#8217;altronde, cosa puoi fare con un soggetto gluten-free, tifosa sfegatata?).<\/p>\n<p>&nbsp;<\/p>\n<p>&nbsp;<\/p>\n<p>&nbsp;<\/p>\n<p>&nbsp;<\/p>\n<p>&nbsp;<\/p>\n<p>&nbsp;<\/p>\n<p>Gli impegni internazionali sono un importante investimento per un&#8217; azienda che, come LE FERRE, punta allo sviluppo internazionale consapevole di poter offrire preparazione e servizi davvero efficienti, oltre che prodotti di qualit\u00e0 con la caratteristica, pressoch\u00e9 unica, di una offerta ampissima, incentrata sul cliente e sul concedergli la possibilit\u00e0 di &#8220;scegliere&#8221; il prodotto pi\u00f9 giusto per s\u00e9, il suo mercato e business.<br \/>\nMa, a far la differenza, nelle aziende -come nei viaggi- sono le persone.<br \/>\nE quando sono insieme, le nostre Sara e Federica, sono davvero una bella squadra.<\/p>\n<p><em>Cercatele a Parigi!<\/em><br \/>\nPartite da Paris Nord Villepinte. Entrate in fiera, svoltate subito a sinistra, primo padiglione, <strong>Hall 1<\/strong>. Seguite la bandiera italiana e l&#8217;alfabeto: lettera F. <strong>Stand F055<\/strong>. Vi aspettano l\u00ec.<\/p>\n<p>Per il resto, occhio in citt\u00e0: sono solite passeggiare a lungo, fino a tardi.<\/p>\n<p><img loading=\"lazy\" decoding=\"async\" class=\"alignright size-full wp-image-16425\" src=\"https:\/\/olioleferre.com\/wp-content\/uploads\/2024\/10\/Parigi-2021-1.jpg\" alt=\"\" width=\"1280\" height=\"960\" srcset=\"https:\/\/olioleferre.com\/wp-content\/uploads\/2024\/10\/Parigi-2021-1.jpg 1280w, https:\/\/olioleferre.com\/wp-content\/uploads\/2024\/10\/Parigi-2021-1-300x225.jpg 300w, https:\/\/olioleferre.com\/wp-content\/uploads\/2024\/10\/Parigi-2021-1-1024x768.jpg 1024w, https:\/\/olioleferre.com\/wp-content\/uploads\/2024\/10\/Parigi-2021-1-768x576.jpg 768w\" sizes=\"(max-width: 1280px) 100vw, 1280px\" \/><\/p>\n<p>&nbsp;<\/p>\n","protected":false},"excerpt":{"rendered":"<p>Sara e Federica di Le Ferre tornano a Parigi! La capitale francese dal 19 al 23 Ottobre 2024 \u00e8 pronta ad ospitare &#8230;. Sara e Federica di Olio LE FERRE in occasione della 60\u00b0 edizione del SIAL. Una combinata esplosiva, espressione di tutto il brio aziendale. &nbsp; Sara, anima della comunicazione di Le Ferre da sempre, rappresenta il rigore istituzionale: dall&#8217;allestimento, all&#8217;ordine nello stand nulla \u00e8 lasciato al caso. &nbsp; Federica, dal sorprendete animo commerciale, \u00e8 catalizzatrice di business matching. Dall&#8217;Asia, alle Americhe nessuno le sfugge. &nbsp; &nbsp; &nbsp; &nbsp; Insieme, le lunghe giornate di fiera passano velocemente tra lavoro e divertimento. Cos\u00ec, mentre Sara \u00e8 alla continua ricerca di fiori e prodotti gluten-free per l&#8217;amica, Federica fotografa qualsiasi cosa per reportage da National Geographic. &nbsp; &nbsp; &nbsp; Parigi le ha gi\u00e0 viste insieme all&#8217;opera, pronte a portare LE FERRE dalla bella Francia, nel mondo. Il 2021 fu l&#8217;anno del Gourmet Selection. Un inizio tribolato per loro: Parigi era gi\u00e0 un cantiere aperto in vista delle Olimpiadi che si sarebbero tenute tre anni dopo. Si aggiunse uno sciopero dei servizi di trasporto e un furto in metropolitana a rendere l&#8217;arrivo a Parigi un autentico disastro! &nbsp; Ma eccole qui, il primo giorno di fiera pronte e sorridenti. Perch\u00e8 il sorriso, a dirla tutta, \u00e8 il loro vero superpotere! &nbsp; &nbsp; &nbsp; &nbsp; &nbsp; Nel 2022 ci fu il primo Sial di Federica, ancora inebriata dall&#8217;esperienza tedesca di Anuga, dove fu nutrita e coccolata da tutti con stinco, patate e partite di calcio (d&#8217;altronde, cosa puoi fare con un soggetto gluten-free, tifosa sfegatata?). &nbsp; &nbsp; &nbsp; &nbsp; &nbsp; &nbsp; Gli impegni internazionali sono un importante investimento per un&#8217; azienda che, come LE FERRE, punta allo sviluppo internazionale consapevole di poter offrire preparazione e servizi davvero efficienti, oltre che prodotti di qualit\u00e0 con la caratteristica, pressoch\u00e9 unica, di una offerta ampissima, incentrata sul cliente e sul concedergli la possibilit\u00e0 di &#8220;scegliere&#8221; il prodotto pi\u00f9 giusto per s\u00e9, il suo mercato e business. Ma, a far la differenza, nelle aziende -come nei viaggi- sono le persone. E quando sono insieme, le nostre Sara e Federica, sono davvero una bella squadra. Cercatele a Parigi! Partite da Paris Nord Villepinte. Entrate in fiera, svoltate subito a sinistra, primo padiglione, Hall 1. Seguite la bandiera italiana e l&#8217;alfabeto: lettera F. Stand F055. Vi aspettano l\u00ec. Per il resto, occhio in citt\u00e0: sono solite passeggiare a lungo, fino a tardi. &nbsp;<\/p>\n","protected":false},"author":4,"featured_media":16429,"comment_status":"closed","ping_status":"closed","sticky":false,"template":"","format":"standard","meta":{"footnotes":""},"categories":[4],"tags":[334,341,340,344,345,347,117,104,348,124,89,205,339,81,335,343,346,338,80,336,342,337],"class_list":["post-16424","post","type-post","status-publish","format-standard","has-post-thumbnail","hentry","category-news","tag-azienda","tag-capitaleumano","tag-fiera","tag-focus","tag-italianfood","tag-italianselection","tag-lapugliadellolio","tag-madeinitaly","tag-migliorolio-bestextravirgin","tag-oliodipuglia","tag-olioextraverginedioliva","tag-olioitaliano","tag-parigi","tag-paris","tag-persone","tag-scelta","tag-selection","tag-sial","tag-sialparis","tag-sorriso","tag-squadra","tag-subiness"],"yoast_head":"<!-- This site is optimized with the Yoast SEO plugin v27.0 - https:\/\/yoast.com\/product\/yoast-seo-wordpress\/ -->\n<title>LE FERRE a Parigi porta oli e sorrisi - Olio Le Ferre<\/title>\n<meta name=\"robots\" content=\"index, follow, max-snippet:-1, max-image-preview:large, max-video-preview:-1\" \/>\n<link rel=\"canonical\" href=\"https:\/\/olioleferre.com\/en\/le-ferre-a-parigi-porta-oli-e-sorrisi\/\" \/>\n<meta property=\"og:locale\" content=\"en_US\" \/>\n<meta property=\"og:type\" content=\"article\" \/>\n<meta property=\"og:title\" content=\"LE FERRE a Parigi porta oli e sorrisi - Olio Le Ferre\" \/>\n<meta property=\"og:description\" content=\"Sara e Federica di Le Ferre tornano a Parigi! La capitale francese dal 19 al 23 Ottobre 2024 \u00e8 pronta ad ospitare &#8230;. Sara e Federica di Olio LE FERRE in occasione della 60\u00b0 edizione del SIAL. Una combinata esplosiva, espressione di tutto il brio aziendale. &nbsp; Sara, anima della comunicazione di Le Ferre da sempre, rappresenta il rigore istituzionale: dall&#8217;allestimento, all&#8217;ordine nello stand nulla \u00e8 lasciato al caso. &nbsp; Federica, dal sorprendete animo commerciale, \u00e8 catalizzatrice di business matching. Dall&#8217;Asia, alle Americhe nessuno le sfugge. &nbsp; &nbsp; &nbsp; &nbsp; Insieme, le lunghe giornate di fiera passano velocemente tra lavoro e divertimento. Cos\u00ec, mentre Sara \u00e8 alla continua ricerca di fiori e prodotti gluten-free per l&#8217;amica, Federica fotografa qualsiasi cosa per reportage da National Geographic. &nbsp; &nbsp; &nbsp; Parigi le ha gi\u00e0 viste insieme all&#8217;opera, pronte a portare LE FERRE dalla bella Francia, nel mondo. Il 2021 fu l&#8217;anno del Gourmet Selection. Un inizio tribolato per loro: Parigi era gi\u00e0 un cantiere aperto in vista delle Olimpiadi che si sarebbero tenute tre anni dopo. Si aggiunse uno sciopero dei servizi di trasporto e un furto in metropolitana a rendere l&#8217;arrivo a Parigi un autentico disastro! &nbsp; Ma eccole qui, il primo giorno di fiera pronte e sorridenti. Perch\u00e8 il sorriso, a dirla tutta, \u00e8 il loro vero superpotere! &nbsp; &nbsp; &nbsp; &nbsp; &nbsp; Nel 2022 ci fu il primo Sial di Federica, ancora inebriata dall&#8217;esperienza tedesca di Anuga, dove fu nutrita e coccolata da tutti con stinco, patate e partite di calcio (d&#8217;altronde, cosa puoi fare con un soggetto gluten-free, tifosa sfegatata?). &nbsp; &nbsp; &nbsp; &nbsp; &nbsp; &nbsp; Gli impegni internazionali sono un importante investimento per un&#8217; azienda che, come LE FERRE, punta allo sviluppo internazionale consapevole di poter offrire preparazione e servizi davvero efficienti, oltre che prodotti di qualit\u00e0 con la caratteristica, pressoch\u00e9 unica, di una offerta ampissima, incentrata sul cliente e sul concedergli la possibilit\u00e0 di &#8220;scegliere&#8221; il prodotto pi\u00f9 giusto per s\u00e9, il suo mercato e business. Ma, a far la differenza, nelle aziende -come nei viaggi- sono le persone. E quando sono insieme, le nostre Sara e Federica, sono davvero una bella squadra. Cercatele a Parigi! Partite da Paris Nord Villepinte. Entrate in fiera, svoltate subito a sinistra, primo padiglione, Hall 1. Seguite la bandiera italiana e l&#8217;alfabeto: lettera F. Stand F055. Vi aspettano l\u00ec. Per il resto, occhio in citt\u00e0: sono solite passeggiare a lungo, fino a tardi. &nbsp;\" \/>\n<meta property=\"og:url\" content=\"https:\/\/olioleferre.com\/en\/le-ferre-a-parigi-porta-oli-e-sorrisi\/\" \/>\n<meta property=\"og:site_name\" content=\"Olio Le Ferre\" \/>\n<meta property=\"article:published_time\" content=\"2024-10-07T08:12:34+00:00\" \/>\n<meta property=\"article:modified_time\" content=\"2024-10-07T08:17:30+00:00\" \/>\n<meta property=\"og:image\" content=\"https:\/\/olioleferre.com\/wp-content\/uploads\/2024\/10\/Parigi-2022-_-e1728289035789.jpg\" \/>\n\t<meta property=\"og:image:width\" content=\"784\" \/>\n\t<meta property=\"og:image:height\" content=\"799\" \/>\n\t<meta property=\"og:image:type\" content=\"image\/jpeg\" \/>\n<meta name=\"author\" content=\"Robweb\" \/>\n<meta name=\"twitter:card\" content=\"summary_large_image\" \/>\n<meta name=\"twitter:label1\" content=\"Written by\" \/>\n\t<meta name=\"twitter:data1\" content=\"Robweb\" \/>\n\t<meta name=\"twitter:label2\" content=\"Est. reading time\" \/>\n\t<meta name=\"twitter:data2\" content=\"2 minutes\" \/>\n<script type=\"application\/ld+json\" class=\"yoast-schema-graph\">{\"@context\":\"https:\/\/schema.org\",\"@graph\":[{\"@type\":\"Article\",\"@id\":\"https:\/\/olioleferre.com\/le-ferre-a-parigi-porta-oli-e-sorrisi\/#article\",\"isPartOf\":{\"@id\":\"https:\/\/olioleferre.com\/le-ferre-a-parigi-porta-oli-e-sorrisi\/\"},\"author\":{\"name\":\"Robweb\",\"@id\":\"https:\/\/olioleferre.com\/#\/schema\/person\/38a7321d1a04b178b705cdcae1d201f2\"},\"headline\":\"LE FERRE a Parigi porta oli e sorrisi\",\"datePublished\":\"2024-10-07T08:12:34+00:00\",\"dateModified\":\"2024-10-07T08:17:30+00:00\",\"mainEntityOfPage\":{\"@id\":\"https:\/\/olioleferre.com\/le-ferre-a-parigi-porta-oli-e-sorrisi\/\"},\"wordCount\":452,\"image\":{\"@id\":\"https:\/\/olioleferre.com\/le-ferre-a-parigi-porta-oli-e-sorrisi\/#primaryimage\"},\"thumbnailUrl\":\"https:\/\/olioleferre.com\/wp-content\/uploads\/2024\/10\/Parigi-2022-_-e1728289035789.jpg\",\"keywords\":[\"azienda\",\"capitaleumano\",\"fiera\",\"focus\",\"italianfood\",\"italianselection\",\"lapugliadellolio\",\"madeinitaly\",\"migliorolio.bestextravirgin\",\"oliodipuglia\",\"olioextraverginedioliva\",\"olioitaliano\",\"parigi\",\"Paris\",\"persone\",\"scelta\",\"selection\",\"sial\",\"SIALParis\",\"sorriso\",\"squadra\",\"subiness\"],\"articleSection\":[\"News\"],\"inLanguage\":\"en-US\"},{\"@type\":\"WebPage\",\"@id\":\"https:\/\/olioleferre.com\/en\/le-ferre-a-parigi-porta-oli-e-sorrisi\/\",\"url\":\"https:\/\/olioleferre.com\/en\/le-ferre-a-parigi-porta-oli-e-sorrisi\/\",\"name\":\"LE FERRE a Parigi porta oli e sorrisi - Olio Le Ferre\",\"isPartOf\":{\"@id\":\"https:\/\/olioleferre.com\/en\/#website\"},\"primaryImageOfPage\":{\"@id\":\"https:\/\/olioleferre.com\/en\/le-ferre-a-parigi-porta-oli-e-sorrisi\/#primaryimage\"},\"image\":{\"@id\":\"https:\/\/olioleferre.com\/le-ferre-a-parigi-porta-oli-e-sorrisi\/#primaryimage\"},\"thumbnailUrl\":\"https:\/\/olioleferre.com\/wp-content\/uploads\/2024\/10\/Parigi-2022-_-e1728289035789.jpg\",\"datePublished\":\"2024-10-07T08:12:34+00:00\",\"dateModified\":\"2024-10-07T08:17:30+00:00\",\"author\":{\"@id\":\"https:\/\/olioleferre.com\/#\/schema\/person\/38a7321d1a04b178b705cdcae1d201f2\"},\"breadcrumb\":{\"@id\":\"https:\/\/olioleferre.com\/en\/le-ferre-a-parigi-porta-oli-e-sorrisi\/#breadcrumb\"},\"inLanguage\":\"en-US\",\"potentialAction\":[{\"@type\":\"ReadAction\",\"target\":[[\"https:\/\/olioleferre.com\/en\/le-ferre-a-parigi-porta-oli-e-sorrisi\/\"]]}]},{\"@type\":\"ImageObject\",\"inLanguage\":\"en-US\",\"@id\":\"https:\/\/olioleferre.com\/en\/le-ferre-a-parigi-porta-oli-e-sorrisi\/#primaryimage\",\"url\":\"https:\/\/olioleferre.com\/wp-content\/uploads\/2024\/10\/Parigi-2022-_-e1728289035789.jpg\",\"contentUrl\":\"https:\/\/olioleferre.com\/wp-content\/uploads\/2024\/10\/Parigi-2022-_-e1728289035789.jpg\",\"width\":784,\"height\":799},{\"@type\":\"BreadcrumbList\",\"@id\":\"https:\/\/olioleferre.com\/en\/le-ferre-a-parigi-porta-oli-e-sorrisi\/#breadcrumb\",\"itemListElement\":[{\"@type\":\"ListItem\",\"position\":1,\"name\":\"Home\",\"item\":\"https:\/\/olioleferre.com\/en\/\"},{\"@type\":\"ListItem\",\"position\":2,\"name\":\"LE FERRE a Parigi porta oli e sorrisi\"}]},{\"@type\":\"WebSite\",\"@id\":\"https:\/\/olioleferre.com\/en\/#website\",\"url\":\"https:\/\/olioleferre.com\/en\/\",\"name\":\"Olio Le Ferre\",\"description\":\"\",\"potentialAction\":[{\"@type\":\"SearchAction\",\"target\":{\"@type\":\"EntryPoint\",\"urlTemplate\":\"https:\/\/olioleferre.com\/en\/?s={search_term_string}\"},\"query-input\":{\"@type\":\"PropertyValueSpecification\",\"valueRequired\":true,\"valueName\":\"search_term_string\"}}],\"inLanguage\":\"en-US\"},{\"@type\":\"Person\",\"@id\":\"https:\/\/olioleferre.com\/#\/schema\/person\/38a7321d1a04b178b705cdcae1d201f2\",\"name\":\"Robweb\",\"image\":{\"@type\":\"ImageObject\",\"inLanguage\":\"en-US\",\"@id\":\"https:\/\/olioleferre.com\/en\/#\/schema\/person\/image\/\",\"url\":\"https:\/\/secure.gravatar.com\/avatar\/6c883fd9fd50c071d26e0053b664c192bb01c3cd991d9106280cba846e9b9e34?s=96&d=mm&r=g\",\"contentUrl\":\"https:\/\/secure.gravatar.com\/avatar\/6c883fd9fd50c071d26e0053b664c192bb01c3cd991d9106280cba846e9b9e34?s=96&d=mm&r=g\",\"caption\":\"Robweb\"},\"url\":\"https:\/\/olioleferre.com\/en\/author\/robweb\/\"}]}<\/script>\n<!-- \/ Yoast SEO plugin. -->","yoast_head_json":{"title":"LE FERRE a Parigi porta oli e sorrisi - Olio Le Ferre","robots":{"index":"index","follow":"follow","max-snippet":"max-snippet:-1","max-image-preview":"max-image-preview:large","max-video-preview":"max-video-preview:-1"},"canonical":"https:\/\/olioleferre.com\/en\/le-ferre-a-parigi-porta-oli-e-sorrisi\/","og_locale":"en_US","og_type":"article","og_title":"LE FERRE a Parigi porta oli e sorrisi - Olio Le Ferre","og_description":"Sara e Federica di Le Ferre tornano a Parigi! La capitale francese dal 19 al 23 Ottobre 2024 \u00e8 pronta ad ospitare &#8230;. Sara e Federica di Olio LE FERRE in occasione della 60\u00b0 edizione del SIAL. Una combinata esplosiva, espressione di tutto il brio aziendale. &nbsp; Sara, anima della comunicazione di Le Ferre da sempre, rappresenta il rigore istituzionale: dall&#8217;allestimento, all&#8217;ordine nello stand nulla \u00e8 lasciato al caso. &nbsp; Federica, dal sorprendete animo commerciale, \u00e8 catalizzatrice di business matching. Dall&#8217;Asia, alle Americhe nessuno le sfugge. &nbsp; &nbsp; &nbsp; &nbsp; Insieme, le lunghe giornate di fiera passano velocemente tra lavoro e divertimento. Cos\u00ec, mentre Sara \u00e8 alla continua ricerca di fiori e prodotti gluten-free per l&#8217;amica, Federica fotografa qualsiasi cosa per reportage da National Geographic. &nbsp; &nbsp; &nbsp; Parigi le ha gi\u00e0 viste insieme all&#8217;opera, pronte a portare LE FERRE dalla bella Francia, nel mondo. Il 2021 fu l&#8217;anno del Gourmet Selection. Un inizio tribolato per loro: Parigi era gi\u00e0 un cantiere aperto in vista delle Olimpiadi che si sarebbero tenute tre anni dopo. Si aggiunse uno sciopero dei servizi di trasporto e un furto in metropolitana a rendere l&#8217;arrivo a Parigi un autentico disastro! &nbsp; Ma eccole qui, il primo giorno di fiera pronte e sorridenti. Perch\u00e8 il sorriso, a dirla tutta, \u00e8 il loro vero superpotere! &nbsp; &nbsp; &nbsp; &nbsp; &nbsp; Nel 2022 ci fu il primo Sial di Federica, ancora inebriata dall&#8217;esperienza tedesca di Anuga, dove fu nutrita e coccolata da tutti con stinco, patate e partite di calcio (d&#8217;altronde, cosa puoi fare con un soggetto gluten-free, tifosa sfegatata?). &nbsp; &nbsp; &nbsp; &nbsp; &nbsp; &nbsp; Gli impegni internazionali sono un importante investimento per un&#8217; azienda che, come LE FERRE, punta allo sviluppo internazionale consapevole di poter offrire preparazione e servizi davvero efficienti, oltre che prodotti di qualit\u00e0 con la caratteristica, pressoch\u00e9 unica, di una offerta ampissima, incentrata sul cliente e sul concedergli la possibilit\u00e0 di &#8220;scegliere&#8221; il prodotto pi\u00f9 giusto per s\u00e9, il suo mercato e business. Ma, a far la differenza, nelle aziende -come nei viaggi- sono le persone. E quando sono insieme, le nostre Sara e Federica, sono davvero una bella squadra. Cercatele a Parigi! Partite da Paris Nord Villepinte. Entrate in fiera, svoltate subito a sinistra, primo padiglione, Hall 1. Seguite la bandiera italiana e l&#8217;alfabeto: lettera F. Stand F055. Vi aspettano l\u00ec. Per il resto, occhio in citt\u00e0: sono solite passeggiare a lungo, fino a tardi. &nbsp;","og_url":"https:\/\/olioleferre.com\/en\/le-ferre-a-parigi-porta-oli-e-sorrisi\/","og_site_name":"Olio Le Ferre","article_published_time":"2024-10-07T08:12:34+00:00","article_modified_time":"2024-10-07T08:17:30+00:00","og_image":[{"width":784,"height":799,"url":"https:\/\/olioleferre.com\/wp-content\/uploads\/2024\/10\/Parigi-2022-_-e1728289035789.jpg","type":"image\/jpeg"}],"author":"Robweb","twitter_card":"summary_large_image","twitter_misc":{"Written by":"Robweb","Est. reading time":"2 minutes"},"schema":{"@context":"https:\/\/schema.org","@graph":[{"@type":"Article","@id":"https:\/\/olioleferre.com\/le-ferre-a-parigi-porta-oli-e-sorrisi\/#article","isPartOf":{"@id":"https:\/\/olioleferre.com\/le-ferre-a-parigi-porta-oli-e-sorrisi\/"},"author":{"name":"Robweb","@id":"https:\/\/olioleferre.com\/#\/schema\/person\/38a7321d1a04b178b705cdcae1d201f2"},"headline":"LE FERRE a Parigi porta oli e sorrisi","datePublished":"2024-10-07T08:12:34+00:00","dateModified":"2024-10-07T08:17:30+00:00","mainEntityOfPage":{"@id":"https:\/\/olioleferre.com\/le-ferre-a-parigi-porta-oli-e-sorrisi\/"},"wordCount":452,"image":{"@id":"https:\/\/olioleferre.com\/le-ferre-a-parigi-porta-oli-e-sorrisi\/#primaryimage"},"thumbnailUrl":"https:\/\/olioleferre.com\/wp-content\/uploads\/2024\/10\/Parigi-2022-_-e1728289035789.jpg","keywords":["azienda","capitaleumano","fiera","focus","italianfood","italianselection","lapugliadellolio","madeinitaly","migliorolio.bestextravirgin","oliodipuglia","olioextraverginedioliva","olioitaliano","parigi","Paris","persone","scelta","selection","sial","SIALParis","sorriso","squadra","subiness"],"articleSection":["News"],"inLanguage":"en-US"},{"@type":"WebPage","@id":"https:\/\/olioleferre.com\/en\/le-ferre-a-parigi-porta-oli-e-sorrisi\/","url":"https:\/\/olioleferre.com\/en\/le-ferre-a-parigi-porta-oli-e-sorrisi\/","name":"LE FERRE a Parigi porta oli e sorrisi - Olio Le Ferre","isPartOf":{"@id":"https:\/\/olioleferre.com\/en\/#website"},"primaryImageOfPage":{"@id":"https:\/\/olioleferre.com\/en\/le-ferre-a-parigi-porta-oli-e-sorrisi\/#primaryimage"},"image":{"@id":"https:\/\/olioleferre.com\/le-ferre-a-parigi-porta-oli-e-sorrisi\/#primaryimage"},"thumbnailUrl":"https:\/\/olioleferre.com\/wp-content\/uploads\/2024\/10\/Parigi-2022-_-e1728289035789.jpg","datePublished":"2024-10-07T08:12:34+00:00","dateModified":"2024-10-07T08:17:30+00:00","author":{"@id":"https:\/\/olioleferre.com\/#\/schema\/person\/38a7321d1a04b178b705cdcae1d201f2"},"breadcrumb":{"@id":"https:\/\/olioleferre.com\/en\/le-ferre-a-parigi-porta-oli-e-sorrisi\/#breadcrumb"},"inLanguage":"en-US","potentialAction":[{"@type":"ReadAction","target":[["https:\/\/olioleferre.com\/en\/le-ferre-a-parigi-porta-oli-e-sorrisi\/"]]}]},{"@type":"ImageObject","inLanguage":"en-US","@id":"https:\/\/olioleferre.com\/en\/le-ferre-a-parigi-porta-oli-e-sorrisi\/#primaryimage","url":"https:\/\/olioleferre.com\/wp-content\/uploads\/2024\/10\/Parigi-2022-_-e1728289035789.jpg","contentUrl":"https:\/\/olioleferre.com\/wp-content\/uploads\/2024\/10\/Parigi-2022-_-e1728289035789.jpg","width":784,"height":799},{"@type":"BreadcrumbList","@id":"https:\/\/olioleferre.com\/en\/le-ferre-a-parigi-porta-oli-e-sorrisi\/#breadcrumb","itemListElement":[{"@type":"ListItem","position":1,"name":"Home","item":"https:\/\/olioleferre.com\/en\/"},{"@type":"ListItem","position":2,"name":"LE FERRE a Parigi porta oli e sorrisi"}]},{"@type":"WebSite","@id":"https:\/\/olioleferre.com\/en\/#website","url":"https:\/\/olioleferre.com\/en\/","name":"Olio Le Ferre","description":"","potentialAction":[{"@type":"SearchAction","target":{"@type":"EntryPoint","urlTemplate":"https:\/\/olioleferre.com\/en\/?s={search_term_string}"},"query-input":{"@type":"PropertyValueSpecification","valueRequired":true,"valueName":"search_term_string"}}],"inLanguage":"en-US"},{"@type":"Person","@id":"https:\/\/olioleferre.com\/#\/schema\/person\/38a7321d1a04b178b705cdcae1d201f2","name":"Robweb","image":{"@type":"ImageObject","inLanguage":"en-US","@id":"https:\/\/olioleferre.com\/en\/#\/schema\/person\/image\/","url":"https:\/\/secure.gravatar.com\/avatar\/6c883fd9fd50c071d26e0053b664c192bb01c3cd991d9106280cba846e9b9e34?s=96&d=mm&r=g","contentUrl":"https:\/\/secure.gravatar.com\/avatar\/6c883fd9fd50c071d26e0053b664c192bb01c3cd991d9106280cba846e9b9e34?s=96&d=mm&r=g","caption":"Robweb"},"url":"https:\/\/olioleferre.com\/en\/author\/robweb\/"}]}},"_links":{"self":[{"href":"https:\/\/olioleferre.com\/en\/wp-json\/wp\/v2\/posts\/16424","targetHints":{"allow":["GET"]}}],"collection":[{"href":"https:\/\/olioleferre.com\/en\/wp-json\/wp\/v2\/posts"}],"about":[{"href":"https:\/\/olioleferre.com\/en\/wp-json\/wp\/v2\/types\/post"}],"author":[{"embeddable":true,"href":"https:\/\/olioleferre.com\/en\/wp-json\/wp\/v2\/users\/4"}],"replies":[{"embeddable":true,"href":"https:\/\/olioleferre.com\/en\/wp-json\/wp\/v2\/comments?post=16424"}],"version-history":[{"count":12,"href":"https:\/\/olioleferre.com\/en\/wp-json\/wp\/v2\/posts\/16424\/revisions"}],"predecessor-version":[{"id":16442,"href":"https:\/\/olioleferre.com\/en\/wp-json\/wp\/v2\/posts\/16424\/revisions\/16442"}],"wp:featuredmedia":[{"embeddable":true,"href":"https:\/\/olioleferre.com\/en\/wp-json\/wp\/v2\/media\/16429"}],"wp:attachment":[{"href":"https:\/\/olioleferre.com\/en\/wp-json\/wp\/v2\/media?parent=16424"}],"wp:term":[{"taxonomy":"category","embeddable":true,"href":"https:\/\/olioleferre.com\/en\/wp-json\/wp\/v2\/categories?post=16424"},{"taxonomy":"post_tag","embeddable":true,"href":"https:\/\/olioleferre.com\/en\/wp-json\/wp\/v2\/tags?post=16424"}],"curies":[{"name":"wp","href":"https:\/\/api.w.org\/{rel}","templated":true}]}}