{"id":16359,"date":"2024-09-06T10:14:43","date_gmt":"2024-09-06T08:14:43","guid":{"rendered":"https:\/\/olioleferre.com\/?p=16359"},"modified":"2024-09-06T11:04:34","modified_gmt":"2024-09-06T09:04:34","slug":"benessere-post-ferie","status":"publish","type":"post","link":"https:\/\/olioleferre.com\/en\/benessere-post-ferie\/","title":{"rendered":"Benessere post ferie"},"content":{"rendered":"<p>E&#8217; in crescita il fenomeno della c.d. &#8220;<strong>sindrome da ritorno<\/strong>&#8221; ovvero lo status di malessere diffuso che si pu\u00f2 avvertire dopo il periodo di distacco dal lavoro e dalla routine giornaliera.<br \/>\nA soffrirne prevalentemente \u00e8 un pubblico di et\u00e0 compresa tra 25 e 45 anni.<\/p>\n<p>Nulla di grave o di irrimediabile: <em>riadattarsi <\/em>\u00e8 pur sempre un &#8220;vincolo&#8221; che richiede un percorso di adattamento.<\/p>\n<p>Parola d&#8217;ordine: <em>serenit\u00e0 <\/em>che fa rima con ritrovata <strong>regolarit\u00e0<\/strong>.<\/p>\n<p>In questo l&#8217; <strong>alimentazione<\/strong> pu\u00f2 essere di grande aiuto: i\u00a0pasti, infatti, ci aiutano a scandire la giornata, a darle sistematicit\u00e0 e certezza. Condizioni che indubbiamente rassicurano nel fitto <i>planning <\/i>giornaliero<i>.<\/i><\/p>\n<p>Un pasto, anche piccolo e frugale, \u00e8 una <strong>coccola<\/strong>:\u00a0 per prepararlo ci dedichiamo del tempo, prendendoci cura di noi stessi. Siamo la prima fonte del nostro stesso benessere e i nostri primi <em>amici <\/em>(o nemici, quando ci trascuriamo, dimenticandoci di noi stessi).<\/p>\n<p>Il piacere del gusto e i livelli delle note olfattive generano <strong>buonumore<\/strong>.<br \/>\nSe poi il pasto \u00e8 condiviso, contribuisce ad allentare le tensioni.<\/p>\n<p>Ma un pasto \u00e8 anche, e soprattutto, apporto di energia e benessere purch\u00e8 basato su poche materie prime, genuine.<\/p>\n<p>La <strong>merenda \u00e8 <\/strong>spesso trascurata nel quotidiano, per la sua frequenza (scarsa), ma anche per le proposte che tendiamo a concederci.<br \/>\nCreare &#8220;un ponte&#8221; tra i tre pasti principali (colazione, merenda, cena) \u00e8 consiglio condiviso tra medici e nutrizionisti. Aiuta a non vivere il senso di irrequietezza che pu\u00f2 creare il senso di fame e contribuisce ad arrivare con maggiore serenit\u00e0 a tavola.<\/p>\n<p>Per questo la merenda ha grande importanza e, proprio dopo le vacanze, \u00e8 il primo &#8220;regolatore&#8221; delle nostre giornate e del loro benessere.<\/p>\n<p>Frutta fresca, dolci a base di ricotta o yogurt, panini integrali, una fetta di pane &#8220;buono&#8221; con un filo di olio extravergine di oliva rappresentano soluzioni &#8220;semplici&#8221; da organizzare o preparare, coma anche da digerire. Ma sono estremamente efficaci.<\/p>\n<p>Basta davvero poco per dare brio e &#8220;aroma&#8221; alle nostre giornate e al nostro star bene, ogni giorno di pi\u00f9, anche dopo le vacanze.<\/p>\n<p>I consigli buoni di benessere (o &#8220;buonessere&#8221;) di LE FERRE:<\/p>\n<div id=\"attachment_16360\" style=\"width: 210px\" class=\"wp-caption alignleft\"><img fetchpriority=\"high\" decoding=\"async\" aria-describedby=\"caption-attachment-16360\" class=\"size-medium wp-image-16360\" src=\"https:\/\/olioleferre.com\/wp-content\/uploads\/2024\/09\/MG_7205-200x300.jpg\" alt=\"Aromatizzato al Basilico Le Ferre\" width=\"200\" height=\"300\" srcset=\"https:\/\/olioleferre.com\/wp-content\/uploads\/2024\/09\/MG_7205-200x300.jpg 200w, https:\/\/olioleferre.com\/wp-content\/uploads\/2024\/09\/MG_7205-683x1024.jpg 683w, https:\/\/olioleferre.com\/wp-content\/uploads\/2024\/09\/MG_7205-768x1152.jpg 768w, https:\/\/olioleferre.com\/wp-content\/uploads\/2024\/09\/MG_7205-1024x1536.jpg 1024w, https:\/\/olioleferre.com\/wp-content\/uploads\/2024\/09\/MG_7205-1365x2048.jpg 1365w, https:\/\/olioleferre.com\/wp-content\/uploads\/2024\/09\/MG_7205-scaled.jpg 1707w\" sizes=\"(max-width: 200px) 100vw, 200px\" \/><p id=\"caption-attachment-16360\" class=\"wp-caption-text\">Olio Aromatizzato al Basilico Le Ferre<\/p><\/div>\n<div id=\"attachment_16362\" style=\"width: 210px\" class=\"wp-caption alignleft\"><img decoding=\"async\" aria-describedby=\"caption-attachment-16362\" class=\"size-medium wp-image-16362\" src=\"https:\/\/olioleferre.com\/wp-content\/uploads\/2024\/09\/MG_7099-200x300.jpg\" alt=\"\" width=\"200\" height=\"300\" srcset=\"https:\/\/olioleferre.com\/wp-content\/uploads\/2024\/09\/MG_7099-200x300.jpg 200w, https:\/\/olioleferre.com\/wp-content\/uploads\/2024\/09\/MG_7099-683x1024.jpg 683w, https:\/\/olioleferre.com\/wp-content\/uploads\/2024\/09\/MG_7099-768x1152.jpg 768w, https:\/\/olioleferre.com\/wp-content\/uploads\/2024\/09\/MG_7099-1024x1536.jpg 1024w, https:\/\/olioleferre.com\/wp-content\/uploads\/2024\/09\/MG_7099-1365x2048.jpg 1365w, https:\/\/olioleferre.com\/wp-content\/uploads\/2024\/09\/MG_7099-scaled.jpg 1707w\" sizes=\"(max-width: 200px) 100vw, 200px\" \/><p id=\"caption-attachment-16362\" class=\"wp-caption-text\">Olio Aromatizzato al Limone Le Ferre<\/p><\/div>\n<div id=\"attachment_16363\" style=\"width: 210px\" class=\"wp-caption alignleft\"><img decoding=\"async\" aria-describedby=\"caption-attachment-16363\" class=\"size-medium wp-image-16363\" src=\"https:\/\/olioleferre.com\/wp-content\/uploads\/2024\/09\/MG_7493-200x300.jpg\" alt=\"\" width=\"200\" height=\"300\" srcset=\"https:\/\/olioleferre.com\/wp-content\/uploads\/2024\/09\/MG_7493-200x300.jpg 200w, https:\/\/olioleferre.com\/wp-content\/uploads\/2024\/09\/MG_7493-683x1024.jpg 683w, https:\/\/olioleferre.com\/wp-content\/uploads\/2024\/09\/MG_7493-768x1152.jpg 768w, https:\/\/olioleferre.com\/wp-content\/uploads\/2024\/09\/MG_7493-1024x1536.jpg 1024w, https:\/\/olioleferre.com\/wp-content\/uploads\/2024\/09\/MG_7493-1365x2048.jpg 1365w, https:\/\/olioleferre.com\/wp-content\/uploads\/2024\/09\/MG_7493-scaled.jpg 1707w\" sizes=\"(max-width: 200px) 100vw, 200px\" \/><p id=\"caption-attachment-16363\" class=\"wp-caption-text\">Olio Aromatizzato all&#8217; Arancia Le Ferre<\/p><\/div>\n<p>&nbsp;<\/p>\n<p>&nbsp;<\/p>\n<p>&nbsp;<\/p>\n<p>&nbsp;<\/p>\n<p>&nbsp;<\/p>\n<p>&nbsp;<\/p>\n<p>&nbsp;<\/p>\n<p>&nbsp;<\/p>\n<p>&nbsp;<\/p>\n<p>&nbsp;<\/p>\n<p><span class=\"x19la9d6 x1fc57z9 x6ikm8r x10wlt62 x19co3pv x1g5zs5t xfibh0p xiy17q3 x1xsqp64 x1lkfr7t xexx8yu x4uap5 x18d9i69 xkhd6sd\"><span class=\"xrtxmta x1bhl96m\">\ud83c\udf31 <\/span><\/span>aromatizzate del gelato fior di latte con olio LE FERRE al <strong>Basilico<\/strong> oppure olio LE FERRE alla <em>Salvia<\/em>, rinfresca e purifica, con una piacevole nota sapida.<\/p>\n<p><span class=\"x19la9d6 x1fc57z9 x6ikm8r x10wlt62 x19co3pv x1g5zs5t xfibh0p xiy17q3 x1xsqp64 x1lkfr7t xexx8yu x4uap5 x18d9i69 xkhd6sd\"><span class=\"xrtxmta x1bhl96m\">\ud83c\udf4b <\/span><\/span>aromatizzate la ricotta fresca con olio Le Ferre al <em>Limone<\/em> e olio Le Ferre alla <em>Cannella<\/em>, amalgamate con anche zucchero e gocce di cioccolata.<\/p>\n<p><span class=\"x19la9d6 x1fc57z9 x6ikm8r x10wlt62 x19co3pv x1g5zs5t xfibh0p xiy17q3 x1xsqp64 x1lkfr7t xexx8yu x4uap5 x18d9i69 xkhd6sd\"><span class=\"xrtxmta x1bhl96m\">\u2615 <\/span><\/span>aromatizzate dello yogurt bianco con olio LE FERRE al <em>Caff\u00e8<\/em> o olio LE FERRE all&#8217; <em>Arancia<\/em>, emulsionate e degustate.<\/p>\n<p><span class=\"x19la9d6 x1fc57z9 x6ikm8r x10wlt62 x19co3pv x1g5zs5t xfibh0p xiy17q3 x1xsqp64 x1lkfr7t xexx8yu x4uap5 x18d9i69 xkhd6sd\"><span class=\"xrtxmta x1bhl96m\">\ud83e\udd56 condite una fetta di buon pane con un olio extravergine d&#8217;oliva dalle note sensoriali intense (si si!) come <em>Selezione<\/em> di LE FERRE e gustatelo.<\/span><\/span><\/p>\n<p><span class=\"x19la9d6 x1fc57z9 x6ikm8r x10wlt62 x19co3pv x1g5zs5t xfibh0p xiy17q3 x1xsqp64 x1lkfr7t xexx8yu x4uap5 x18d9i69 xkhd6sd\"><span class=\"xrtxmta x1bhl96m\">\ud83e\udd56 \ud83e\udd56condite una fetta di buon pane con un olio extravergine d&#8217;oliva dalle note sensoriali equilibrate come <i>Multivarietale <\/i>di LE FERRE e una spolverata di zucchero. E&#8217; una merenda &#8220;antica&#8221;, semplice, veloce, sorprendente.<\/span><\/span><\/p>\n<p>Adulti e bambini, meritiamo tutti una coccola da addentare!<\/p>\n<div id=\"attachment_16365\" style=\"width: 693px\" class=\"wp-caption alignleft\"><img loading=\"lazy\" decoding=\"async\" aria-describedby=\"caption-attachment-16365\" class=\"size-large wp-image-16365\" src=\"https:\/\/olioleferre.com\/wp-content\/uploads\/2024\/09\/MG_7915-683x1024.jpg\" alt=\"\" width=\"683\" height=\"1024\" srcset=\"https:\/\/olioleferre.com\/wp-content\/uploads\/2024\/09\/MG_7915-683x1024.jpg 683w, https:\/\/olioleferre.com\/wp-content\/uploads\/2024\/09\/MG_7915-200x300.jpg 200w, https:\/\/olioleferre.com\/wp-content\/uploads\/2024\/09\/MG_7915-768x1152.jpg 768w, https:\/\/olioleferre.com\/wp-content\/uploads\/2024\/09\/MG_7915-1024x1536.jpg 1024w, https:\/\/olioleferre.com\/wp-content\/uploads\/2024\/09\/MG_7915-1365x2048.jpg 1365w, https:\/\/olioleferre.com\/wp-content\/uploads\/2024\/09\/MG_7915-scaled.jpg 1707w\" sizes=\"(max-width: 683px) 100vw, 683px\" \/><p id=\"caption-attachment-16365\" class=\"wp-caption-text\">Selezione Le Ferre Olio Extravergine d&#8217;Oliva<\/p><\/div>\n<p>&nbsp;<\/p>\n<p>&nbsp;<\/p>\n<p>&nbsp;<\/p>","protected":false},"excerpt":{"rendered":"<p>E&#8217; in crescita il fenomeno della c.d. &#8220;sindrome da ritorno&#8221; ovvero lo status di malessere diffuso che si pu\u00f2 avvertire dopo il periodo di distacco dal lavoro e dalla routine giornaliera. A soffrirne prevalentemente \u00e8 un pubblico di et\u00e0 compresa tra 25 e 45 anni. Nulla di grave o di irrimediabile: riadattarsi \u00e8 pur sempre un &#8220;vincolo&#8221; che richiede un percorso di adattamento. Parola d&#8217;ordine: serenit\u00e0 che fa rima con ritrovata regolarit\u00e0. In questo l&#8217; alimentazione pu\u00f2 essere di grande aiuto: i\u00a0pasti, infatti, ci aiutano a scandire la giornata, a darle sistematicit\u00e0 e certezza. Condizioni che indubbiamente rassicurano nel fitto planning giornaliero. Un pasto, anche piccolo e frugale, \u00e8 una coccola:\u00a0 per prepararlo ci dedichiamo del tempo, prendendoci cura di noi stessi. Siamo la prima fonte del nostro stesso benessere e i nostri primi amici (o nemici, quando ci trascuriamo, dimenticandoci di noi stessi). Il piacere del gusto e i livelli delle note olfattive generano buonumore. Se poi il pasto \u00e8 condiviso, contribuisce ad allentare le tensioni. Ma un pasto \u00e8 anche, e soprattutto, apporto di energia e benessere purch\u00e8 basato su poche materie prime, genuine. La merenda \u00e8 spesso trascurata nel quotidiano, per la sua frequenza (scarsa), ma anche per le proposte che tendiamo a concederci. Creare &#8220;un ponte&#8221; tra i tre pasti principali (colazione, merenda, cena) \u00e8 consiglio condiviso tra medici e nutrizionisti. Aiuta a non vivere il senso di irrequietezza che pu\u00f2 creare il senso di fame e contribuisce ad arrivare con maggiore serenit\u00e0 a tavola. Per questo la merenda ha grande importanza e, proprio dopo le vacanze, \u00e8 il primo &#8220;regolatore&#8221; delle nostre giornate e del loro benessere. Frutta fresca, dolci a base di ricotta o yogurt, panini integrali, una fetta di pane &#8220;buono&#8221; con un filo di olio extravergine di oliva rappresentano soluzioni &#8220;semplici&#8221; da organizzare o preparare, coma anche da digerire. Ma sono estremamente efficaci. Basta davvero poco per dare brio e &#8220;aroma&#8221; alle nostre giornate e al nostro star bene, ogni giorno di pi\u00f9, anche dopo le vacanze. I consigli buoni di benessere (o &#8220;buonessere&#8221;) di LE FERRE: &nbsp; &nbsp; &nbsp; &nbsp; &nbsp; &nbsp; &nbsp; &nbsp; &nbsp; &nbsp; \ud83c\udf31 aromatizzate del gelato fior di latte con olio LE FERRE al Basilico oppure olio LE FERRE alla Salvia, rinfresca e purifica, con una piacevole nota sapida. \ud83c\udf4b aromatizzate la ricotta fresca con olio Le Ferre al Limone e olio Le Ferre alla Cannella, amalgamate con anche zucchero e gocce di cioccolata. \u2615 aromatizzate dello yogurt bianco con olio LE FERRE al Caff\u00e8 o olio LE FERRE all&#8217; Arancia, emulsionate e degustate. \ud83e\udd56 condite una fetta di buon pane con un olio extravergine d&#8217;oliva dalle note sensoriali intense (si si!) come Selezione di LE FERRE e gustatelo. \ud83e\udd56 \ud83e\udd56condite una fetta di buon pane con un olio extravergine d&#8217;oliva dalle note sensoriali equilibrate come Multivarietale di LE FERRE e una spolverata di zucchero. E&#8217; una merenda &#8220;antica&#8221;, semplice, veloce, sorprendente. Adulti e bambini, meritiamo tutti una coccola da addentare! &nbsp; &nbsp; &nbsp;<\/p>\n","protected":false},"author":4,"featured_media":16367,"comment_status":"closed","ping_status":"closed","sticky":false,"template":"","format":"standard","meta":{"footnotes":""},"categories":[4],"tags":[312,91,322,291,313,333,317,329,323,332,307,326,319,331,82,314,324,316,92,219,321,89,83,320,328,315,309,311,325,126,330,310,318,308,327],"class_list":["post-16359","post","type-post","status-publish","format-standard","has-post-thumbnail","hentry","category-news","tag-alimentazione","tag-arancia","tag-aromatizzare","tag-basilico","tag-besessere","tag-buonessere","tag-buonumore","tag-caffe","tag-cannella","tag-equilibrio","tag-ferie","tag-gelato","tag-genuino","tag-intenso","tag-leferre","tag-light","tag-limone","tag-merenda","tag-multivarietale","tag-olio","tag-olioaromatizzato","tag-olioextraverginedioliva","tag-olioleferre","tag-pane","tag-paneolio","tag-pasti","tag-ritorno","tag-routine","tag-salvia","tag-selezione","tag-semplicebuono","tag-stress","tag-tensione","tag-vacanze","tag-yogurt"],"yoast_head":"<!-- This site is optimized with the Yoast SEO plugin v27.0 - https:\/\/yoast.com\/product\/yoast-seo-wordpress\/ -->\n<title>Benessere post ferie - Olio Le Ferre<\/title>\n<meta name=\"robots\" content=\"index, follow, max-snippet:-1, max-image-preview:large, max-video-preview:-1\" \/>\n<link rel=\"canonical\" href=\"https:\/\/olioleferre.com\/en\/benessere-post-ferie\/\" \/>\n<meta property=\"og:locale\" content=\"en_US\" \/>\n<meta property=\"og:type\" content=\"article\" \/>\n<meta property=\"og:title\" content=\"Benessere post ferie - Olio Le Ferre\" \/>\n<meta property=\"og:description\" content=\"E&#8217; in crescita il fenomeno della c.d. &#8220;sindrome da ritorno&#8221; ovvero lo status di malessere diffuso che si pu\u00f2 avvertire dopo il periodo di distacco dal lavoro e dalla routine giornaliera. A soffrirne prevalentemente \u00e8 un pubblico di et\u00e0 compresa tra 25 e 45 anni. Nulla di grave o di irrimediabile: riadattarsi \u00e8 pur sempre un &#8220;vincolo&#8221; che richiede un percorso di adattamento. Parola d&#8217;ordine: serenit\u00e0 che fa rima con ritrovata regolarit\u00e0. In questo l&#8217; alimentazione pu\u00f2 essere di grande aiuto: i\u00a0pasti, infatti, ci aiutano a scandire la giornata, a darle sistematicit\u00e0 e certezza. Condizioni che indubbiamente rassicurano nel fitto planning giornaliero. Un pasto, anche piccolo e frugale, \u00e8 una coccola:\u00a0 per prepararlo ci dedichiamo del tempo, prendendoci cura di noi stessi. Siamo la prima fonte del nostro stesso benessere e i nostri primi amici (o nemici, quando ci trascuriamo, dimenticandoci di noi stessi). Il piacere del gusto e i livelli delle note olfattive generano buonumore. Se poi il pasto \u00e8 condiviso, contribuisce ad allentare le tensioni. Ma un pasto \u00e8 anche, e soprattutto, apporto di energia e benessere purch\u00e8 basato su poche materie prime, genuine. La merenda \u00e8 spesso trascurata nel quotidiano, per la sua frequenza (scarsa), ma anche per le proposte che tendiamo a concederci. Creare &#8220;un ponte&#8221; tra i tre pasti principali (colazione, merenda, cena) \u00e8 consiglio condiviso tra medici e nutrizionisti. Aiuta a non vivere il senso di irrequietezza che pu\u00f2 creare il senso di fame e contribuisce ad arrivare con maggiore serenit\u00e0 a tavola. Per questo la merenda ha grande importanza e, proprio dopo le vacanze, \u00e8 il primo &#8220;regolatore&#8221; delle nostre giornate e del loro benessere. Frutta fresca, dolci a base di ricotta o yogurt, panini integrali, una fetta di pane &#8220;buono&#8221; con un filo di olio extravergine di oliva rappresentano soluzioni &#8220;semplici&#8221; da organizzare o preparare, coma anche da digerire. Ma sono estremamente efficaci. Basta davvero poco per dare brio e &#8220;aroma&#8221; alle nostre giornate e al nostro star bene, ogni giorno di pi\u00f9, anche dopo le vacanze. I consigli buoni di benessere (o &#8220;buonessere&#8221;) di LE FERRE: &nbsp; &nbsp; &nbsp; &nbsp; &nbsp; &nbsp; &nbsp; &nbsp; &nbsp; &nbsp; \ud83c\udf31 aromatizzate del gelato fior di latte con olio LE FERRE al Basilico oppure olio LE FERRE alla Salvia, rinfresca e purifica, con una piacevole nota sapida. \ud83c\udf4b aromatizzate la ricotta fresca con olio Le Ferre al Limone e olio Le Ferre alla Cannella, amalgamate con anche zucchero e gocce di cioccolata. \u2615 aromatizzate dello yogurt bianco con olio LE FERRE al Caff\u00e8 o olio LE FERRE all&#8217; Arancia, emulsionate e degustate. \ud83e\udd56 condite una fetta di buon pane con un olio extravergine d&#8217;oliva dalle note sensoriali intense (si si!) come Selezione di LE FERRE e gustatelo. \ud83e\udd56 \ud83e\udd56condite una fetta di buon pane con un olio extravergine d&#8217;oliva dalle note sensoriali equilibrate come Multivarietale di LE FERRE e una spolverata di zucchero. E&#8217; una merenda &#8220;antica&#8221;, semplice, veloce, sorprendente. Adulti e bambini, meritiamo tutti una coccola da addentare! &nbsp; &nbsp; &nbsp;\" \/>\n<meta property=\"og:url\" content=\"https:\/\/olioleferre.com\/en\/benessere-post-ferie\/\" \/>\n<meta property=\"og:site_name\" content=\"Olio Le Ferre\" \/>\n<meta property=\"article:published_time\" content=\"2024-09-06T08:14:43+00:00\" \/>\n<meta property=\"article:modified_time\" content=\"2024-09-06T09:04:34+00:00\" \/>\n<meta property=\"og:image\" content=\"https:\/\/olioleferre.com\/wp-content\/uploads\/2024\/09\/Fetta-pane-1024x1024.png\" \/>\n\t<meta property=\"og:image:width\" content=\"1024\" \/>\n\t<meta property=\"og:image:height\" content=\"1024\" \/>\n\t<meta property=\"og:image:type\" content=\"image\/png\" \/>\n<meta name=\"author\" content=\"Robweb\" \/>\n<meta name=\"twitter:card\" content=\"summary_large_image\" \/>\n<meta name=\"twitter:label1\" content=\"Written by\" \/>\n\t<meta name=\"twitter:data1\" content=\"Robweb\" \/>\n\t<meta name=\"twitter:label2\" content=\"Est. reading time\" \/>\n\t<meta name=\"twitter:data2\" content=\"5 minutes\" \/>\n<script type=\"application\/ld+json\" class=\"yoast-schema-graph\">{\"@context\":\"https:\/\/schema.org\",\"@graph\":[{\"@type\":\"Article\",\"@id\":\"https:\/\/olioleferre.com\/benessere-post-ferie\/#article\",\"isPartOf\":{\"@id\":\"https:\/\/olioleferre.com\/benessere-post-ferie\/\"},\"author\":{\"name\":\"Robweb\",\"@id\":\"https:\/\/olioleferre.com\/#\/schema\/person\/38a7321d1a04b178b705cdcae1d201f2\"},\"headline\":\"Benessere post ferie\",\"datePublished\":\"2024-09-06T08:14:43+00:00\",\"dateModified\":\"2024-09-06T09:04:34+00:00\",\"mainEntityOfPage\":{\"@id\":\"https:\/\/olioleferre.com\/benessere-post-ferie\/\"},\"wordCount\":1082,\"image\":{\"@id\":\"https:\/\/olioleferre.com\/benessere-post-ferie\/#primaryimage\"},\"thumbnailUrl\":\"https:\/\/olioleferre.com\/wp-content\/uploads\/2024\/09\/Fetta-pane.png\",\"keywords\":[\"alimentazione\",\"arancia\",\"aromatizzare\",\"basilico\",\"besessere\",\"buonessere\",\"buonumore\",\"caff\u00e8\",\"cannella\",\"equilibrio\",\"ferie\",\"gelato\",\"genuino\",\"intenso\",\"leferre\",\"light\",\"limone\",\"merenda\",\"multivarietale\",\"olio\",\"olioaromatizzato\",\"olioextraverginedioliva\",\"olioleferre\",\"pane\",\"paneolio\",\"pasti\",\"ritorno\",\"routine\",\"salvia\",\"selezione\",\"semplicebuono\",\"stress\",\"tensione\",\"vacanze\",\"yogurt\"],\"articleSection\":[\"News\"],\"inLanguage\":\"en-US\"},{\"@type\":\"WebPage\",\"@id\":\"https:\/\/olioleferre.com\/en\/benessere-post-ferie\/\",\"url\":\"https:\/\/olioleferre.com\/en\/benessere-post-ferie\/\",\"name\":\"Benessere post ferie - Olio Le Ferre\",\"isPartOf\":{\"@id\":\"https:\/\/olioleferre.com\/en\/#website\"},\"primaryImageOfPage\":{\"@id\":\"https:\/\/olioleferre.com\/en\/benessere-post-ferie\/#primaryimage\"},\"image\":{\"@id\":\"https:\/\/olioleferre.com\/benessere-post-ferie\/#primaryimage\"},\"thumbnailUrl\":\"https:\/\/olioleferre.com\/wp-content\/uploads\/2024\/09\/Fetta-pane.png\",\"datePublished\":\"2024-09-06T08:14:43+00:00\",\"dateModified\":\"2024-09-06T09:04:34+00:00\",\"author\":{\"@id\":\"https:\/\/olioleferre.com\/#\/schema\/person\/38a7321d1a04b178b705cdcae1d201f2\"},\"breadcrumb\":{\"@id\":\"https:\/\/olioleferre.com\/en\/benessere-post-ferie\/#breadcrumb\"},\"inLanguage\":\"en-US\",\"potentialAction\":[{\"@type\":\"ReadAction\",\"target\":[[\"https:\/\/olioleferre.com\/en\/benessere-post-ferie\/\"]]}]},{\"@type\":\"ImageObject\",\"inLanguage\":\"en-US\",\"@id\":\"https:\/\/olioleferre.com\/en\/benessere-post-ferie\/#primaryimage\",\"url\":\"https:\/\/olioleferre.com\/wp-content\/uploads\/2024\/09\/Fetta-pane.png\",\"contentUrl\":\"https:\/\/olioleferre.com\/wp-content\/uploads\/2024\/09\/Fetta-pane.png\",\"width\":2048,\"height\":2048,\"caption\":\"Le Ferre Olio Extravergine d'Oliva\"},{\"@type\":\"BreadcrumbList\",\"@id\":\"https:\/\/olioleferre.com\/en\/benessere-post-ferie\/#breadcrumb\",\"itemListElement\":[{\"@type\":\"ListItem\",\"position\":1,\"name\":\"Home\",\"item\":\"https:\/\/olioleferre.com\/en\/\"},{\"@type\":\"ListItem\",\"position\":2,\"name\":\"Benessere post ferie\"}]},{\"@type\":\"WebSite\",\"@id\":\"https:\/\/olioleferre.com\/en\/#website\",\"url\":\"https:\/\/olioleferre.com\/en\/\",\"name\":\"Olio Le Ferre\",\"description\":\"\",\"potentialAction\":[{\"@type\":\"SearchAction\",\"target\":{\"@type\":\"EntryPoint\",\"urlTemplate\":\"https:\/\/olioleferre.com\/en\/?s={search_term_string}\"},\"query-input\":{\"@type\":\"PropertyValueSpecification\",\"valueRequired\":true,\"valueName\":\"search_term_string\"}}],\"inLanguage\":\"en-US\"},{\"@type\":\"Person\",\"@id\":\"https:\/\/olioleferre.com\/#\/schema\/person\/38a7321d1a04b178b705cdcae1d201f2\",\"name\":\"Robweb\",\"image\":{\"@type\":\"ImageObject\",\"inLanguage\":\"en-US\",\"@id\":\"https:\/\/olioleferre.com\/en\/#\/schema\/person\/image\/\",\"url\":\"https:\/\/secure.gravatar.com\/avatar\/6c883fd9fd50c071d26e0053b664c192bb01c3cd991d9106280cba846e9b9e34?s=96&d=mm&r=g\",\"contentUrl\":\"https:\/\/secure.gravatar.com\/avatar\/6c883fd9fd50c071d26e0053b664c192bb01c3cd991d9106280cba846e9b9e34?s=96&d=mm&r=g\",\"caption\":\"Robweb\"},\"url\":\"https:\/\/olioleferre.com\/en\/author\/robweb\/\"}]}<\/script>\n<!-- \/ Yoast SEO plugin. -->","yoast_head_json":{"title":"Benessere post ferie - Olio Le Ferre","robots":{"index":"index","follow":"follow","max-snippet":"max-snippet:-1","max-image-preview":"max-image-preview:large","max-video-preview":"max-video-preview:-1"},"canonical":"https:\/\/olioleferre.com\/en\/benessere-post-ferie\/","og_locale":"en_US","og_type":"article","og_title":"Benessere post ferie - Olio Le Ferre","og_description":"E&#8217; in crescita il fenomeno della c.d. &#8220;sindrome da ritorno&#8221; ovvero lo status di malessere diffuso che si pu\u00f2 avvertire dopo il periodo di distacco dal lavoro e dalla routine giornaliera. A soffrirne prevalentemente \u00e8 un pubblico di et\u00e0 compresa tra 25 e 45 anni. Nulla di grave o di irrimediabile: riadattarsi \u00e8 pur sempre un &#8220;vincolo&#8221; che richiede un percorso di adattamento. Parola d&#8217;ordine: serenit\u00e0 che fa rima con ritrovata regolarit\u00e0. In questo l&#8217; alimentazione pu\u00f2 essere di grande aiuto: i\u00a0pasti, infatti, ci aiutano a scandire la giornata, a darle sistematicit\u00e0 e certezza. Condizioni che indubbiamente rassicurano nel fitto planning giornaliero. Un pasto, anche piccolo e frugale, \u00e8 una coccola:\u00a0 per prepararlo ci dedichiamo del tempo, prendendoci cura di noi stessi. Siamo la prima fonte del nostro stesso benessere e i nostri primi amici (o nemici, quando ci trascuriamo, dimenticandoci di noi stessi). Il piacere del gusto e i livelli delle note olfattive generano buonumore. Se poi il pasto \u00e8 condiviso, contribuisce ad allentare le tensioni. Ma un pasto \u00e8 anche, e soprattutto, apporto di energia e benessere purch\u00e8 basato su poche materie prime, genuine. La merenda \u00e8 spesso trascurata nel quotidiano, per la sua frequenza (scarsa), ma anche per le proposte che tendiamo a concederci. Creare &#8220;un ponte&#8221; tra i tre pasti principali (colazione, merenda, cena) \u00e8 consiglio condiviso tra medici e nutrizionisti. Aiuta a non vivere il senso di irrequietezza che pu\u00f2 creare il senso di fame e contribuisce ad arrivare con maggiore serenit\u00e0 a tavola. Per questo la merenda ha grande importanza e, proprio dopo le vacanze, \u00e8 il primo &#8220;regolatore&#8221; delle nostre giornate e del loro benessere. Frutta fresca, dolci a base di ricotta o yogurt, panini integrali, una fetta di pane &#8220;buono&#8221; con un filo di olio extravergine di oliva rappresentano soluzioni &#8220;semplici&#8221; da organizzare o preparare, coma anche da digerire. Ma sono estremamente efficaci. Basta davvero poco per dare brio e &#8220;aroma&#8221; alle nostre giornate e al nostro star bene, ogni giorno di pi\u00f9, anche dopo le vacanze. I consigli buoni di benessere (o &#8220;buonessere&#8221;) di LE FERRE: &nbsp; &nbsp; &nbsp; &nbsp; &nbsp; &nbsp; &nbsp; &nbsp; &nbsp; &nbsp; \ud83c\udf31 aromatizzate del gelato fior di latte con olio LE FERRE al Basilico oppure olio LE FERRE alla Salvia, rinfresca e purifica, con una piacevole nota sapida. \ud83c\udf4b aromatizzate la ricotta fresca con olio Le Ferre al Limone e olio Le Ferre alla Cannella, amalgamate con anche zucchero e gocce di cioccolata. \u2615 aromatizzate dello yogurt bianco con olio LE FERRE al Caff\u00e8 o olio LE FERRE all&#8217; Arancia, emulsionate e degustate. \ud83e\udd56 condite una fetta di buon pane con un olio extravergine d&#8217;oliva dalle note sensoriali intense (si si!) come Selezione di LE FERRE e gustatelo. \ud83e\udd56 \ud83e\udd56condite una fetta di buon pane con un olio extravergine d&#8217;oliva dalle note sensoriali equilibrate come Multivarietale di LE FERRE e una spolverata di zucchero. E&#8217; una merenda &#8220;antica&#8221;, semplice, veloce, sorprendente. Adulti e bambini, meritiamo tutti una coccola da addentare! &nbsp; &nbsp; &nbsp;","og_url":"https:\/\/olioleferre.com\/en\/benessere-post-ferie\/","og_site_name":"Olio Le Ferre","article_published_time":"2024-09-06T08:14:43+00:00","article_modified_time":"2024-09-06T09:04:34+00:00","og_image":[{"width":1024,"height":1024,"url":"https:\/\/olioleferre.com\/wp-content\/uploads\/2024\/09\/Fetta-pane-1024x1024.png","type":"image\/png"}],"author":"Robweb","twitter_card":"summary_large_image","twitter_misc":{"Written by":"Robweb","Est. reading time":"5 minutes"},"schema":{"@context":"https:\/\/schema.org","@graph":[{"@type":"Article","@id":"https:\/\/olioleferre.com\/benessere-post-ferie\/#article","isPartOf":{"@id":"https:\/\/olioleferre.com\/benessere-post-ferie\/"},"author":{"name":"Robweb","@id":"https:\/\/olioleferre.com\/#\/schema\/person\/38a7321d1a04b178b705cdcae1d201f2"},"headline":"Benessere post ferie","datePublished":"2024-09-06T08:14:43+00:00","dateModified":"2024-09-06T09:04:34+00:00","mainEntityOfPage":{"@id":"https:\/\/olioleferre.com\/benessere-post-ferie\/"},"wordCount":1082,"image":{"@id":"https:\/\/olioleferre.com\/benessere-post-ferie\/#primaryimage"},"thumbnailUrl":"https:\/\/olioleferre.com\/wp-content\/uploads\/2024\/09\/Fetta-pane.png","keywords":["alimentazione","arancia","aromatizzare","basilico","besessere","buonessere","buonumore","caff\u00e8","cannella","equilibrio","ferie","gelato","genuino","intenso","leferre","light","limone","merenda","multivarietale","olio","olioaromatizzato","olioextraverginedioliva","olioleferre","pane","paneolio","pasti","ritorno","routine","salvia","selezione","semplicebuono","stress","tensione","vacanze","yogurt"],"articleSection":["News"],"inLanguage":"en-US"},{"@type":"WebPage","@id":"https:\/\/olioleferre.com\/en\/benessere-post-ferie\/","url":"https:\/\/olioleferre.com\/en\/benessere-post-ferie\/","name":"Benessere post ferie - Olio Le Ferre","isPartOf":{"@id":"https:\/\/olioleferre.com\/en\/#website"},"primaryImageOfPage":{"@id":"https:\/\/olioleferre.com\/en\/benessere-post-ferie\/#primaryimage"},"image":{"@id":"https:\/\/olioleferre.com\/benessere-post-ferie\/#primaryimage"},"thumbnailUrl":"https:\/\/olioleferre.com\/wp-content\/uploads\/2024\/09\/Fetta-pane.png","datePublished":"2024-09-06T08:14:43+00:00","dateModified":"2024-09-06T09:04:34+00:00","author":{"@id":"https:\/\/olioleferre.com\/#\/schema\/person\/38a7321d1a04b178b705cdcae1d201f2"},"breadcrumb":{"@id":"https:\/\/olioleferre.com\/en\/benessere-post-ferie\/#breadcrumb"},"inLanguage":"en-US","potentialAction":[{"@type":"ReadAction","target":[["https:\/\/olioleferre.com\/en\/benessere-post-ferie\/"]]}]},{"@type":"ImageObject","inLanguage":"en-US","@id":"https:\/\/olioleferre.com\/en\/benessere-post-ferie\/#primaryimage","url":"https:\/\/olioleferre.com\/wp-content\/uploads\/2024\/09\/Fetta-pane.png","contentUrl":"https:\/\/olioleferre.com\/wp-content\/uploads\/2024\/09\/Fetta-pane.png","width":2048,"height":2048,"caption":"Le Ferre Olio Extravergine d'Oliva"},{"@type":"BreadcrumbList","@id":"https:\/\/olioleferre.com\/en\/benessere-post-ferie\/#breadcrumb","itemListElement":[{"@type":"ListItem","position":1,"name":"Home","item":"https:\/\/olioleferre.com\/en\/"},{"@type":"ListItem","position":2,"name":"Benessere post ferie"}]},{"@type":"WebSite","@id":"https:\/\/olioleferre.com\/en\/#website","url":"https:\/\/olioleferre.com\/en\/","name":"Olio Le Ferre","description":"","potentialAction":[{"@type":"SearchAction","target":{"@type":"EntryPoint","urlTemplate":"https:\/\/olioleferre.com\/en\/?s={search_term_string}"},"query-input":{"@type":"PropertyValueSpecification","valueRequired":true,"valueName":"search_term_string"}}],"inLanguage":"en-US"},{"@type":"Person","@id":"https:\/\/olioleferre.com\/#\/schema\/person\/38a7321d1a04b178b705cdcae1d201f2","name":"Robweb","image":{"@type":"ImageObject","inLanguage":"en-US","@id":"https:\/\/olioleferre.com\/en\/#\/schema\/person\/image\/","url":"https:\/\/secure.gravatar.com\/avatar\/6c883fd9fd50c071d26e0053b664c192bb01c3cd991d9106280cba846e9b9e34?s=96&d=mm&r=g","contentUrl":"https:\/\/secure.gravatar.com\/avatar\/6c883fd9fd50c071d26e0053b664c192bb01c3cd991d9106280cba846e9b9e34?s=96&d=mm&r=g","caption":"Robweb"},"url":"https:\/\/olioleferre.com\/en\/author\/robweb\/"}]}},"_links":{"self":[{"href":"https:\/\/olioleferre.com\/en\/wp-json\/wp\/v2\/posts\/16359","targetHints":{"allow":["GET"]}}],"collection":[{"href":"https:\/\/olioleferre.com\/en\/wp-json\/wp\/v2\/posts"}],"about":[{"href":"https:\/\/olioleferre.com\/en\/wp-json\/wp\/v2\/types\/post"}],"author":[{"embeddable":true,"href":"https:\/\/olioleferre.com\/en\/wp-json\/wp\/v2\/users\/4"}],"replies":[{"embeddable":true,"href":"https:\/\/olioleferre.com\/en\/wp-json\/wp\/v2\/comments?post=16359"}],"version-history":[{"count":6,"href":"https:\/\/olioleferre.com\/en\/wp-json\/wp\/v2\/posts\/16359\/revisions"}],"predecessor-version":[{"id":16373,"href":"https:\/\/olioleferre.com\/en\/wp-json\/wp\/v2\/posts\/16359\/revisions\/16373"}],"wp:featuredmedia":[{"embeddable":true,"href":"https:\/\/olioleferre.com\/en\/wp-json\/wp\/v2\/media\/16367"}],"wp:attachment":[{"href":"https:\/\/olioleferre.com\/en\/wp-json\/wp\/v2\/media?parent=16359"}],"wp:term":[{"taxonomy":"category","embeddable":true,"href":"https:\/\/olioleferre.com\/en\/wp-json\/wp\/v2\/categories?post=16359"},{"taxonomy":"post_tag","embeddable":true,"href":"https:\/\/olioleferre.com\/en\/wp-json\/wp\/v2\/tags?post=16359"}],"curies":[{"name":"wp","href":"https:\/\/api.w.org\/{rel}","templated":true}]}}