{"id":13968,"date":"2023-05-23T12:16:18","date_gmt":"2023-05-23T10:16:18","guid":{"rendered":"https:\/\/olioleferre.com\/?p=13968"},"modified":"2023-05-23T12:16:56","modified_gmt":"2023-05-23T10:16:56","slug":"il-ruolo-sociale-delle-aziende-nel-territorio","status":"publish","type":"post","link":"https:\/\/olioleferre.com\/en\/il-ruolo-sociale-delle-aziende-nel-territorio\/","title":{"rendered":"Il \u201cruolo sociale\u201d delle aziende nel territorio"},"content":{"rendered":"<p>Si chiude anche quest\u2019anno la collaborazione di LE FERRE con l\u2019I.I.S.S. \u201cQ.O.Flacco\u201d di Castellaneta per le attivit\u00e0 di P.C.T.O. per gli studenti dell\u2019indirizzo linguistico.<\/p>\n<p><em>Francesca<\/em> e <em>Giada<\/em> hanno concluso la loro esperienza iniziata tra timori e insicurezze, tipiche della loro et\u00e0.<br \/>\nHanno conosciuto un\u2019azienda di cui poco sapevano; hanno scoperto i mille dettagli dietro il lavoro di ciascuno e cosa comporta \u201cfarlo bene\u201d in ogni suo tassello.<\/p>\n<p>Si sono poi appassionate di oli e sapori, prima di passare allo step successivo: come si selezionano i potenziali clienti nell\u2019ambito di un obiettivo strategico di vendita?<br \/>\nCimentandosi, cos\u00ec, nella ricerca di \u201cclienti-target\u201d e, alla fine, nel contattarli direttamente.<\/p>\n<p>Quella che sembrava una <em>mission impossible<\/em> si \u00e8 trasformata in una sfida a un personale limite: il confronto, l\u2019uscire dalla propria <em>comfort zone<\/em> relazionale.<br \/>\n<em><strong>Scoprirsi capaci di farlo \u00e8 stato cos\u00ec naturale!<\/strong> &#8211;<\/em>ci han confessato prima di salutarci.<br \/>\nMissione compiuta!<\/p>\n<p>Cosa vorranno fare da grandi Giada e Francesca?<br \/>\nAl momento, di certo, vendere olio non \u00e8 tra le loro priorit\u00e0.<\/p>\n<p>E cosa se ne far\u00e0 Le Ferre di questa esperienza?<br \/>\nUn ennesimo motivo di <strong>gioia<\/strong> per aver offerto ai pi\u00f9 giovani della propria comunit\u00e0 una \u201coccasione\u201d, un&#8217;opportunit\u00e0 per scoprirsi, rivelarsi e appassionarsi.<br \/>\nIl mondo li aspetta e li vuole attenti, briosi, dinamici.<\/p>\n<p>L\u2019istituto del P.C.T.O. (Percorsi per le Competenze Trasversali e l\u2019Orientamento, pi\u00f9 noto col termine \u201calternanza scuola-lavoro\u201d), obbligatorio per gli studenti del triennio, ha tra gli obiettivi l\u2019aiutarli a sviluppare la capacit\u00e0 di scegliere autonomamente e consapevolmente e l\u2019 offrire agli studenti\u00a0un\u2019opportunit\u00e0 di crescita personale. Favorendo una\u00a0comunicazione intergenerazionale.<\/p>\n<p>Rendere questo possibile \u00e8 un dovere di tutti noi adulti. Del nostro essere \u201ccomunit\u00e0\u201d. E rappresenta, con estrema semplicit\u00e0, il ruolo sociale di ciascuno, anche delle aziende nel proprio territorio.<br \/>\nCos\u00ec le comunit\u00e0 crescono e si migliorano.<\/p>\n<p><em>Elementare!<\/em><\/p>\n<h4 style=\"text-align: center;\"><em>In bocca al lupo Giada e Francesca<\/em><\/h4>\n<p><img fetchpriority=\"high\" decoding=\"async\" class=\"aligncenter size-medium wp-image-13970\" src=\"https:\/\/olioleferre.com\/wp-content\/uploads\/2023\/05\/pcto-inside-300x225.jpg\" alt=\"\" width=\"300\" height=\"225\" srcset=\"https:\/\/olioleferre.com\/wp-content\/uploads\/2023\/05\/pcto-inside-300x225.jpg 300w, https:\/\/olioleferre.com\/wp-content\/uploads\/2023\/05\/pcto-inside-1024x768.jpg 1024w, https:\/\/olioleferre.com\/wp-content\/uploads\/2023\/05\/pcto-inside-768x576.jpg 768w, https:\/\/olioleferre.com\/wp-content\/uploads\/2023\/05\/pcto-inside.jpg 1280w\" sizes=\"(max-width: 300px) 100vw, 300px\" \/><\/p>\n<p style=\"text-align: center;\">da Sara, Federica e Sarah di Le Ferre<\/p>\n<p><\/p>","protected":false},"excerpt":{"rendered":"<p>Si chiude anche quest\u2019anno la collaborazione di LE FERRE con l\u2019I.I.S.S. \u201cQ.O.Flacco\u201d di Castellaneta per le attivit\u00e0 di P.C.T.O. per gli studenti dell\u2019indirizzo linguistico. Francesca e Giada hanno concluso la loro esperienza iniziata tra timori e insicurezze, tipiche della loro et\u00e0. Hanno conosciuto un\u2019azienda di cui poco sapevano; hanno scoperto i mille dettagli dietro il lavoro di ciascuno e cosa comporta \u201cfarlo bene\u201d in ogni suo tassello. Si sono poi appassionate di oli e sapori, prima di passare allo step successivo: come si selezionano i potenziali clienti nell\u2019ambito di un obiettivo strategico di vendita? Cimentandosi, cos\u00ec, nella ricerca di \u201cclienti-target\u201d e, alla fine, nel contattarli direttamente. Quella che sembrava una mission impossible si \u00e8 trasformata in una sfida a un personale limite: il confronto, l\u2019uscire dalla propria comfort zone relazionale. Scoprirsi capaci di farlo \u00e8 stato cos\u00ec naturale! &#8211;ci han confessato prima di salutarci. Missione compiuta! Cosa vorranno fare da grandi Giada e Francesca? Al momento, di certo, vendere olio non \u00e8 tra le loro priorit\u00e0. E cosa se ne far\u00e0 Le Ferre di questa esperienza? Un ennesimo motivo di gioia per aver offerto ai pi\u00f9 giovani della propria comunit\u00e0 una \u201coccasione\u201d, un&#8217;opportunit\u00e0 per scoprirsi, rivelarsi e appassionarsi. Il mondo li aspetta e li vuole attenti, briosi, dinamici. L\u2019istituto del P.C.T.O. (Percorsi per le Competenze Trasversali e l\u2019Orientamento, pi\u00f9 noto col termine \u201calternanza scuola-lavoro\u201d), obbligatorio per gli studenti del triennio, ha tra gli obiettivi l\u2019aiutarli a sviluppare la capacit\u00e0 di scegliere autonomamente e consapevolmente e l\u2019 offrire agli studenti\u00a0un\u2019opportunit\u00e0 di crescita personale. Favorendo una\u00a0comunicazione intergenerazionale. Rendere questo possibile \u00e8 un dovere di tutti noi adulti. Del nostro essere \u201ccomunit\u00e0\u201d. E rappresenta, con estrema semplicit\u00e0, il ruolo sociale di ciascuno, anche delle aziende nel proprio territorio. Cos\u00ec le comunit\u00e0 crescono e si migliorano. Elementare! In bocca al lupo Giada e Francesca da Sara, Federica e Sarah di Le Ferre<\/p>\n","protected":false},"author":4,"featured_media":13971,"comment_status":"closed","ping_status":"closed","sticky":false,"template":"","format":"standard","meta":{"footnotes":""},"categories":[4],"tags":[130,135,133,136,117,82,131,132,137,83,129,84,134],"class_list":["post-13968","post","type-post","status-publish","format-standard","has-post-thumbnail","hentry","category-news","tag-alternanzascuolalavoro","tag-aziende","tag-castellaneta","tag-comunita","tag-lapugliadellolio","tag-leferre","tag-liceo","tag-linguistico","tag-mondodellavoro","tag-olioleferre","tag-pcto","tag-puglia","tag-territorio"],"yoast_head":"<!-- This site is optimized with the Yoast SEO plugin v27.0 - https:\/\/yoast.com\/product\/yoast-seo-wordpress\/ -->\n<title>Il \u201cruolo sociale\u201d delle aziende nel territorio - Olio Le Ferre<\/title>\n<meta name=\"robots\" content=\"index, follow, max-snippet:-1, max-image-preview:large, max-video-preview:-1\" \/>\n<link rel=\"canonical\" href=\"https:\/\/olioleferre.com\/en\/il-ruolo-sociale-delle-aziende-nel-territorio\/\" \/>\n<meta property=\"og:locale\" content=\"en_US\" \/>\n<meta property=\"og:type\" content=\"article\" \/>\n<meta property=\"og:title\" content=\"Il \u201cruolo sociale\u201d delle aziende nel territorio - Olio Le Ferre\" \/>\n<meta property=\"og:description\" content=\"Si chiude anche quest\u2019anno la collaborazione di LE FERRE con l\u2019I.I.S.S. \u201cQ.O.Flacco\u201d di Castellaneta per le attivit\u00e0 di P.C.T.O. per gli studenti dell\u2019indirizzo linguistico. Francesca e Giada hanno concluso la loro esperienza iniziata tra timori e insicurezze, tipiche della loro et\u00e0. Hanno conosciuto un\u2019azienda di cui poco sapevano; hanno scoperto i mille dettagli dietro il lavoro di ciascuno e cosa comporta \u201cfarlo bene\u201d in ogni suo tassello. Si sono poi appassionate di oli e sapori, prima di passare allo step successivo: come si selezionano i potenziali clienti nell\u2019ambito di un obiettivo strategico di vendita? Cimentandosi, cos\u00ec, nella ricerca di \u201cclienti-target\u201d e, alla fine, nel contattarli direttamente. Quella che sembrava una mission impossible si \u00e8 trasformata in una sfida a un personale limite: il confronto, l\u2019uscire dalla propria comfort zone relazionale. Scoprirsi capaci di farlo \u00e8 stato cos\u00ec naturale! &#8211;ci han confessato prima di salutarci. Missione compiuta! Cosa vorranno fare da grandi Giada e Francesca? Al momento, di certo, vendere olio non \u00e8 tra le loro priorit\u00e0. E cosa se ne far\u00e0 Le Ferre di questa esperienza? Un ennesimo motivo di gioia per aver offerto ai pi\u00f9 giovani della propria comunit\u00e0 una \u201coccasione\u201d, un&#8217;opportunit\u00e0 per scoprirsi, rivelarsi e appassionarsi. Il mondo li aspetta e li vuole attenti, briosi, dinamici. L\u2019istituto del P.C.T.O. (Percorsi per le Competenze Trasversali e l\u2019Orientamento, pi\u00f9 noto col termine \u201calternanza scuola-lavoro\u201d), obbligatorio per gli studenti del triennio, ha tra gli obiettivi l\u2019aiutarli a sviluppare la capacit\u00e0 di scegliere autonomamente e consapevolmente e l\u2019 offrire agli studenti\u00a0un\u2019opportunit\u00e0 di crescita personale. Favorendo una\u00a0comunicazione intergenerazionale. Rendere questo possibile \u00e8 un dovere di tutti noi adulti. Del nostro essere \u201ccomunit\u00e0\u201d. E rappresenta, con estrema semplicit\u00e0, il ruolo sociale di ciascuno, anche delle aziende nel proprio territorio. Cos\u00ec le comunit\u00e0 crescono e si migliorano. Elementare! In bocca al lupo Giada e Francesca da Sara, Federica e Sarah di Le Ferre\" \/>\n<meta property=\"og:url\" content=\"https:\/\/olioleferre.com\/en\/il-ruolo-sociale-delle-aziende-nel-territorio\/\" \/>\n<meta property=\"og:site_name\" content=\"Olio Le Ferre\" \/>\n<meta property=\"article:published_time\" content=\"2023-05-23T10:16:18+00:00\" \/>\n<meta property=\"article:modified_time\" content=\"2023-05-23T10:16:56+00:00\" \/>\n<meta property=\"og:image\" content=\"https:\/\/olioleferre.com\/wp-content\/uploads\/2023\/05\/pcto.png\" \/>\n\t<meta property=\"og:image:width\" content=\"800\" \/>\n\t<meta property=\"og:image:height\" content=\"800\" \/>\n\t<meta property=\"og:image:type\" content=\"image\/png\" \/>\n<meta name=\"author\" content=\"Robweb\" \/>\n<meta name=\"twitter:card\" content=\"summary_large_image\" \/>\n<meta name=\"twitter:label1\" content=\"Written by\" \/>\n\t<meta name=\"twitter:data1\" content=\"Robweb\" \/>\n\t<meta name=\"twitter:label2\" content=\"Est. reading time\" \/>\n\t<meta name=\"twitter:data2\" content=\"3 minutes\" \/>\n<script type=\"application\/ld+json\" class=\"yoast-schema-graph\">{\"@context\":\"https:\/\/schema.org\",\"@graph\":[{\"@type\":\"Article\",\"@id\":\"https:\/\/olioleferre.com\/il-ruolo-sociale-delle-aziende-nel-territorio\/#article\",\"isPartOf\":{\"@id\":\"https:\/\/olioleferre.com\/il-ruolo-sociale-delle-aziende-nel-territorio\/\"},\"author\":{\"name\":\"Robweb\",\"@id\":\"https:\/\/olioleferre.com\/#\/schema\/person\/38a7321d1a04b178b705cdcae1d201f2\"},\"headline\":\"Il \u201cruolo sociale\u201d delle aziende nel territorio\",\"datePublished\":\"2023-05-23T10:16:18+00:00\",\"dateModified\":\"2023-05-23T10:16:56+00:00\",\"mainEntityOfPage\":{\"@id\":\"https:\/\/olioleferre.com\/il-ruolo-sociale-delle-aziende-nel-territorio\/\"},\"wordCount\":665,\"image\":{\"@id\":\"https:\/\/olioleferre.com\/il-ruolo-sociale-delle-aziende-nel-territorio\/#primaryimage\"},\"thumbnailUrl\":\"https:\/\/olioleferre.com\/wp-content\/uploads\/2023\/05\/pcto.png\",\"keywords\":[\"alternanzascuolalavoro\",\"aziende\",\"castellaneta\",\"comunit\u00e0\",\"lapugliadellolio\",\"leferre\",\"liceo\",\"linguistico\",\"mondodellavoro\",\"olioleferre\",\"pcto\",\"puglia\",\"territorio\"],\"articleSection\":[\"News\"],\"inLanguage\":\"en-US\"},{\"@type\":\"WebPage\",\"@id\":\"https:\/\/olioleferre.com\/en\/il-ruolo-sociale-delle-aziende-nel-territorio\/\",\"url\":\"https:\/\/olioleferre.com\/en\/il-ruolo-sociale-delle-aziende-nel-territorio\/\",\"name\":\"Il \u201cruolo sociale\u201d delle aziende nel territorio - Olio Le Ferre\",\"isPartOf\":{\"@id\":\"https:\/\/olioleferre.com\/en\/#website\"},\"primaryImageOfPage\":{\"@id\":\"https:\/\/olioleferre.com\/en\/il-ruolo-sociale-delle-aziende-nel-territorio\/#primaryimage\"},\"image\":{\"@id\":\"https:\/\/olioleferre.com\/il-ruolo-sociale-delle-aziende-nel-territorio\/#primaryimage\"},\"thumbnailUrl\":\"https:\/\/olioleferre.com\/wp-content\/uploads\/2023\/05\/pcto.png\",\"datePublished\":\"2023-05-23T10:16:18+00:00\",\"dateModified\":\"2023-05-23T10:16:56+00:00\",\"author\":{\"@id\":\"https:\/\/olioleferre.com\/#\/schema\/person\/38a7321d1a04b178b705cdcae1d201f2\"},\"breadcrumb\":{\"@id\":\"https:\/\/olioleferre.com\/en\/il-ruolo-sociale-delle-aziende-nel-territorio\/#breadcrumb\"},\"inLanguage\":\"en-US\",\"potentialAction\":[{\"@type\":\"ReadAction\",\"target\":[[\"https:\/\/olioleferre.com\/en\/il-ruolo-sociale-delle-aziende-nel-territorio\/\"]]}]},{\"@type\":\"ImageObject\",\"inLanguage\":\"en-US\",\"@id\":\"https:\/\/olioleferre.com\/en\/il-ruolo-sociale-delle-aziende-nel-territorio\/#primaryimage\",\"url\":\"https:\/\/olioleferre.com\/wp-content\/uploads\/2023\/05\/pcto.png\",\"contentUrl\":\"https:\/\/olioleferre.com\/wp-content\/uploads\/2023\/05\/pcto.png\",\"width\":800,\"height\":800},{\"@type\":\"BreadcrumbList\",\"@id\":\"https:\/\/olioleferre.com\/en\/il-ruolo-sociale-delle-aziende-nel-territorio\/#breadcrumb\",\"itemListElement\":[{\"@type\":\"ListItem\",\"position\":1,\"name\":\"Home\",\"item\":\"https:\/\/olioleferre.com\/en\/\"},{\"@type\":\"ListItem\",\"position\":2,\"name\":\"Il \u201cruolo sociale\u201d delle aziende nel territorio\"}]},{\"@type\":\"WebSite\",\"@id\":\"https:\/\/olioleferre.com\/en\/#website\",\"url\":\"https:\/\/olioleferre.com\/en\/\",\"name\":\"Olio Le Ferre\",\"description\":\"\",\"potentialAction\":[{\"@type\":\"SearchAction\",\"target\":{\"@type\":\"EntryPoint\",\"urlTemplate\":\"https:\/\/olioleferre.com\/en\/?s={search_term_string}\"},\"query-input\":{\"@type\":\"PropertyValueSpecification\",\"valueRequired\":true,\"valueName\":\"search_term_string\"}}],\"inLanguage\":\"en-US\"},{\"@type\":\"Person\",\"@id\":\"https:\/\/olioleferre.com\/#\/schema\/person\/38a7321d1a04b178b705cdcae1d201f2\",\"name\":\"Robweb\",\"image\":{\"@type\":\"ImageObject\",\"inLanguage\":\"en-US\",\"@id\":\"https:\/\/olioleferre.com\/en\/#\/schema\/person\/image\/\",\"url\":\"https:\/\/secure.gravatar.com\/avatar\/6c883fd9fd50c071d26e0053b664c192bb01c3cd991d9106280cba846e9b9e34?s=96&d=mm&r=g\",\"contentUrl\":\"https:\/\/secure.gravatar.com\/avatar\/6c883fd9fd50c071d26e0053b664c192bb01c3cd991d9106280cba846e9b9e34?s=96&d=mm&r=g\",\"caption\":\"Robweb\"},\"url\":\"https:\/\/olioleferre.com\/en\/author\/robweb\/\"}]}<\/script>\n<!-- \/ Yoast SEO plugin. -->","yoast_head_json":{"title":"Il \u201cruolo sociale\u201d delle aziende nel territorio - Olio Le Ferre","robots":{"index":"index","follow":"follow","max-snippet":"max-snippet:-1","max-image-preview":"max-image-preview:large","max-video-preview":"max-video-preview:-1"},"canonical":"https:\/\/olioleferre.com\/en\/il-ruolo-sociale-delle-aziende-nel-territorio\/","og_locale":"en_US","og_type":"article","og_title":"Il \u201cruolo sociale\u201d delle aziende nel territorio - Olio Le Ferre","og_description":"Si chiude anche quest\u2019anno la collaborazione di LE FERRE con l\u2019I.I.S.S. \u201cQ.O.Flacco\u201d di Castellaneta per le attivit\u00e0 di P.C.T.O. per gli studenti dell\u2019indirizzo linguistico. Francesca e Giada hanno concluso la loro esperienza iniziata tra timori e insicurezze, tipiche della loro et\u00e0. Hanno conosciuto un\u2019azienda di cui poco sapevano; hanno scoperto i mille dettagli dietro il lavoro di ciascuno e cosa comporta \u201cfarlo bene\u201d in ogni suo tassello. Si sono poi appassionate di oli e sapori, prima di passare allo step successivo: come si selezionano i potenziali clienti nell\u2019ambito di un obiettivo strategico di vendita? Cimentandosi, cos\u00ec, nella ricerca di \u201cclienti-target\u201d e, alla fine, nel contattarli direttamente. Quella che sembrava una mission impossible si \u00e8 trasformata in una sfida a un personale limite: il confronto, l\u2019uscire dalla propria comfort zone relazionale. Scoprirsi capaci di farlo \u00e8 stato cos\u00ec naturale! &#8211;ci han confessato prima di salutarci. Missione compiuta! Cosa vorranno fare da grandi Giada e Francesca? Al momento, di certo, vendere olio non \u00e8 tra le loro priorit\u00e0. E cosa se ne far\u00e0 Le Ferre di questa esperienza? Un ennesimo motivo di gioia per aver offerto ai pi\u00f9 giovani della propria comunit\u00e0 una \u201coccasione\u201d, un&#8217;opportunit\u00e0 per scoprirsi, rivelarsi e appassionarsi. Il mondo li aspetta e li vuole attenti, briosi, dinamici. L\u2019istituto del P.C.T.O. (Percorsi per le Competenze Trasversali e l\u2019Orientamento, pi\u00f9 noto col termine \u201calternanza scuola-lavoro\u201d), obbligatorio per gli studenti del triennio, ha tra gli obiettivi l\u2019aiutarli a sviluppare la capacit\u00e0 di scegliere autonomamente e consapevolmente e l\u2019 offrire agli studenti\u00a0un\u2019opportunit\u00e0 di crescita personale. Favorendo una\u00a0comunicazione intergenerazionale. Rendere questo possibile \u00e8 un dovere di tutti noi adulti. Del nostro essere \u201ccomunit\u00e0\u201d. E rappresenta, con estrema semplicit\u00e0, il ruolo sociale di ciascuno, anche delle aziende nel proprio territorio. Cos\u00ec le comunit\u00e0 crescono e si migliorano. Elementare! In bocca al lupo Giada e Francesca da Sara, Federica e Sarah di Le Ferre","og_url":"https:\/\/olioleferre.com\/en\/il-ruolo-sociale-delle-aziende-nel-territorio\/","og_site_name":"Olio Le Ferre","article_published_time":"2023-05-23T10:16:18+00:00","article_modified_time":"2023-05-23T10:16:56+00:00","og_image":[{"width":800,"height":800,"url":"https:\/\/olioleferre.com\/wp-content\/uploads\/2023\/05\/pcto.png","type":"image\/png"}],"author":"Robweb","twitter_card":"summary_large_image","twitter_misc":{"Written by":"Robweb","Est. reading time":"3 minutes"},"schema":{"@context":"https:\/\/schema.org","@graph":[{"@type":"Article","@id":"https:\/\/olioleferre.com\/il-ruolo-sociale-delle-aziende-nel-territorio\/#article","isPartOf":{"@id":"https:\/\/olioleferre.com\/il-ruolo-sociale-delle-aziende-nel-territorio\/"},"author":{"name":"Robweb","@id":"https:\/\/olioleferre.com\/#\/schema\/person\/38a7321d1a04b178b705cdcae1d201f2"},"headline":"Il \u201cruolo sociale\u201d delle aziende nel territorio","datePublished":"2023-05-23T10:16:18+00:00","dateModified":"2023-05-23T10:16:56+00:00","mainEntityOfPage":{"@id":"https:\/\/olioleferre.com\/il-ruolo-sociale-delle-aziende-nel-territorio\/"},"wordCount":665,"image":{"@id":"https:\/\/olioleferre.com\/il-ruolo-sociale-delle-aziende-nel-territorio\/#primaryimage"},"thumbnailUrl":"https:\/\/olioleferre.com\/wp-content\/uploads\/2023\/05\/pcto.png","keywords":["alternanzascuolalavoro","aziende","castellaneta","comunit\u00e0","lapugliadellolio","leferre","liceo","linguistico","mondodellavoro","olioleferre","pcto","puglia","territorio"],"articleSection":["News"],"inLanguage":"en-US"},{"@type":"WebPage","@id":"https:\/\/olioleferre.com\/en\/il-ruolo-sociale-delle-aziende-nel-territorio\/","url":"https:\/\/olioleferre.com\/en\/il-ruolo-sociale-delle-aziende-nel-territorio\/","name":"Il \u201cruolo sociale\u201d delle aziende nel territorio - Olio Le Ferre","isPartOf":{"@id":"https:\/\/olioleferre.com\/en\/#website"},"primaryImageOfPage":{"@id":"https:\/\/olioleferre.com\/en\/il-ruolo-sociale-delle-aziende-nel-territorio\/#primaryimage"},"image":{"@id":"https:\/\/olioleferre.com\/il-ruolo-sociale-delle-aziende-nel-territorio\/#primaryimage"},"thumbnailUrl":"https:\/\/olioleferre.com\/wp-content\/uploads\/2023\/05\/pcto.png","datePublished":"2023-05-23T10:16:18+00:00","dateModified":"2023-05-23T10:16:56+00:00","author":{"@id":"https:\/\/olioleferre.com\/#\/schema\/person\/38a7321d1a04b178b705cdcae1d201f2"},"breadcrumb":{"@id":"https:\/\/olioleferre.com\/en\/il-ruolo-sociale-delle-aziende-nel-territorio\/#breadcrumb"},"inLanguage":"en-US","potentialAction":[{"@type":"ReadAction","target":[["https:\/\/olioleferre.com\/en\/il-ruolo-sociale-delle-aziende-nel-territorio\/"]]}]},{"@type":"ImageObject","inLanguage":"en-US","@id":"https:\/\/olioleferre.com\/en\/il-ruolo-sociale-delle-aziende-nel-territorio\/#primaryimage","url":"https:\/\/olioleferre.com\/wp-content\/uploads\/2023\/05\/pcto.png","contentUrl":"https:\/\/olioleferre.com\/wp-content\/uploads\/2023\/05\/pcto.png","width":800,"height":800},{"@type":"BreadcrumbList","@id":"https:\/\/olioleferre.com\/en\/il-ruolo-sociale-delle-aziende-nel-territorio\/#breadcrumb","itemListElement":[{"@type":"ListItem","position":1,"name":"Home","item":"https:\/\/olioleferre.com\/en\/"},{"@type":"ListItem","position":2,"name":"Il \u201cruolo sociale\u201d delle aziende nel territorio"}]},{"@type":"WebSite","@id":"https:\/\/olioleferre.com\/en\/#website","url":"https:\/\/olioleferre.com\/en\/","name":"Olio Le Ferre","description":"","potentialAction":[{"@type":"SearchAction","target":{"@type":"EntryPoint","urlTemplate":"https:\/\/olioleferre.com\/en\/?s={search_term_string}"},"query-input":{"@type":"PropertyValueSpecification","valueRequired":true,"valueName":"search_term_string"}}],"inLanguage":"en-US"},{"@type":"Person","@id":"https:\/\/olioleferre.com\/#\/schema\/person\/38a7321d1a04b178b705cdcae1d201f2","name":"Robweb","image":{"@type":"ImageObject","inLanguage":"en-US","@id":"https:\/\/olioleferre.com\/en\/#\/schema\/person\/image\/","url":"https:\/\/secure.gravatar.com\/avatar\/6c883fd9fd50c071d26e0053b664c192bb01c3cd991d9106280cba846e9b9e34?s=96&d=mm&r=g","contentUrl":"https:\/\/secure.gravatar.com\/avatar\/6c883fd9fd50c071d26e0053b664c192bb01c3cd991d9106280cba846e9b9e34?s=96&d=mm&r=g","caption":"Robweb"},"url":"https:\/\/olioleferre.com\/en\/author\/robweb\/"}]}},"_links":{"self":[{"href":"https:\/\/olioleferre.com\/en\/wp-json\/wp\/v2\/posts\/13968","targetHints":{"allow":["GET"]}}],"collection":[{"href":"https:\/\/olioleferre.com\/en\/wp-json\/wp\/v2\/posts"}],"about":[{"href":"https:\/\/olioleferre.com\/en\/wp-json\/wp\/v2\/types\/post"}],"author":[{"embeddable":true,"href":"https:\/\/olioleferre.com\/en\/wp-json\/wp\/v2\/users\/4"}],"replies":[{"embeddable":true,"href":"https:\/\/olioleferre.com\/en\/wp-json\/wp\/v2\/comments?post=13968"}],"version-history":[{"count":5,"href":"https:\/\/olioleferre.com\/en\/wp-json\/wp\/v2\/posts\/13968\/revisions"}],"predecessor-version":[{"id":13975,"href":"https:\/\/olioleferre.com\/en\/wp-json\/wp\/v2\/posts\/13968\/revisions\/13975"}],"wp:featuredmedia":[{"embeddable":true,"href":"https:\/\/olioleferre.com\/en\/wp-json\/wp\/v2\/media\/13971"}],"wp:attachment":[{"href":"https:\/\/olioleferre.com\/en\/wp-json\/wp\/v2\/media?parent=13968"}],"wp:term":[{"taxonomy":"category","embeddable":true,"href":"https:\/\/olioleferre.com\/en\/wp-json\/wp\/v2\/categories?post=13968"},{"taxonomy":"post_tag","embeddable":true,"href":"https:\/\/olioleferre.com\/en\/wp-json\/wp\/v2\/tags?post=13968"}],"curies":[{"name":"wp","href":"https:\/\/api.w.org\/{rel}","templated":true}]}}